{"id":3033,"date":"2023-11-06T17:36:17","date_gmt":"2023-11-06T17:36:17","guid":{"rendered":"https:\/\/2023.festivaldecineinstar.com\/?p=3033"},"modified":"2023-11-24T00:32:30","modified_gmt":"2023-11-24T00:32:30","slug":"7-diciembre","status":"publish","type":"post","link":"https:\/\/2023.festivaldecineinstar.com\/en\/7-diciembre\/","title":{"rendered":"7 DICIEMBRE"},"content":{"rendered":"\t\t<div data-elementor-type=\"wp-post\" data-elementor-id=\"3033\" class=\"elementor elementor-3033\" data-elementor-post-type=\"post\">\n\t\t\t\t<div class=\"elementor-element elementor-element-ac2b37a e-con-full e-transform e-flex e-con e-parent\" data-id=\"ac2b37a\" data-element_type=\"container\" data-e-type=\"container\" data-settings=\"{&quot;_transform_scale_effect&quot;:{&quot;unit&quot;:&quot;px&quot;,&quot;size&quot;:1.3,&quot;sizes&quot;:[]},&quot;_transform_scale_effect_laptop&quot;:{&quot;unit&quot;:&quot;px&quot;,&quot;size&quot;:&quot;&quot;,&quot;sizes&quot;:[]},&quot;_transform_scale_effect_tablet&quot;:{&quot;unit&quot;:&quot;px&quot;,&quot;size&quot;:&quot;&quot;,&quot;sizes&quot;:[]},&quot;_transform_scale_effect_mobile&quot;:{&quot;unit&quot;:&quot;px&quot;,&quot;size&quot;:&quot;&quot;,&quot;sizes&quot;:[]}}\">\n\t\t<div class=\"elementor-element elementor-element-37fd0aa e-con-full e-flex e-con e-child\" data-id=\"37fd0aa\" data-element_type=\"container\" data-e-type=\"container\" data-settings=\"{&quot;background_background&quot;:&quot;classic&quot;}\">\n\t\t<div class=\"elementor-element elementor-element-d6a2846 e-con-full e-flex e-con e-child\" data-id=\"d6a2846\" data-element_type=\"container\" data-e-type=\"container\" data-settings=\"{&quot;background_background&quot;:&quot;classic&quot;}\">\n\t\t<div class=\"elementor-element elementor-element-3489f24 e-grid e-con-boxed e-con e-child\" data-id=\"3489f24\" data-element_type=\"container\" data-e-type=\"container\">\n\t\t\t\t\t<div class=\"e-con-inner\">\n\t\t\t\t<div class=\"elementor-element elementor-element-6de067e elementor-widget elementor-widget-text-editor\" data-id=\"6de067e\" data-element_type=\"widget\" data-e-type=\"widget\" data-widget_type=\"text-editor.default\">\n\t\t\t\t<div class=\"elementor-widget-container\">\n\t\t\t\t\t\t\t\t\t<p>Calendario<\/p>\t\t\t\t\t\t\t\t<\/div>\n\t\t\t\t<\/div>\n\t\t\t\t<div class=\"elementor-element elementor-element-8dc37fa elementor-widget elementor-widget-text-editor\" data-id=\"8dc37fa\" data-element_type=\"widget\" data-e-type=\"widget\" data-widget_type=\"text-editor.default\">\n\t\t\t\t<div class=\"elementor-widget-container\">\n\t\t\t\t\t\t\t\t\t<p><b>07 de diciembre<\/b><\/p>\t\t\t\t\t\t\t\t<\/div>\n\t\t\t\t<\/div>\n\t\t\t\t\t<\/div>\n\t\t\t\t<\/div>\n\t\t\t\t<\/div>\n\t\t\t\t<\/div>\n\t\t<div class=\"elementor-element elementor-element-b97bf04 e-con-full e-flex e-con e-child\" data-id=\"b97bf04\" data-element_type=\"container\" data-e-type=\"container\" data-settings=\"{&quot;background_background&quot;:&quot;classic&quot;}\">\n\t\t\t\t<\/div>\n\t\t\t\t<\/div>\n\t\t<div class=\"elementor-element elementor-element-9c6bb77 e-flex e-con-boxed e-con e-parent\" data-id=\"9c6bb77\" data-element_type=\"container\" data-e-type=\"container\">\n\t\t\t\t\t<div class=\"e-con-inner\">\n\t\t\t\t<div class=\"elementor-element elementor-element-6fbe5c6 elementor-widget elementor-widget-spacer\" data-id=\"6fbe5c6\" data-element_type=\"widget\" data-e-type=\"widget\" data-widget_type=\"spacer.default\">\n\t\t\t\t<div class=\"elementor-widget-container\">\n\t\t\t\t\t\t\t<div class=\"elementor-spacer\">\n\t\t\t<div class=\"elementor-spacer-inner\"><\/div>\n\t\t<\/div>\n\t\t\t\t\t\t<\/div>\n\t\t\t\t<\/div>\n\t\t\t\t\t<\/div>\n\t\t\t\t<\/div>\n\t\t<div class=\"elementor-element elementor-element-2c4cd72 e-flex e-con-boxed e-con e-parent\" data-id=\"2c4cd72\" data-element_type=\"container\" data-e-type=\"container\">\n\t\t\t\t\t<div class=\"e-con-inner\">\n\t\t\t\t<div class=\"elementor-element elementor-element-ca3c7e9 elementor-widget elementor-widget-spacer\" data-id=\"ca3c7e9\" data-element_type=\"widget\" data-e-type=\"widget\" data-widget_type=\"spacer.default\">\n\t\t\t\t<div class=\"elementor-widget-container\">\n\t\t\t\t\t\t\t<div class=\"elementor-spacer\">\n\t\t\t<div class=\"elementor-spacer-inner\"><\/div>\n\t\t<\/div>\n\t\t\t\t\t\t<\/div>\n\t\t\t\t<\/div>\n\t\t\t\t\t<\/div>\n\t\t\t\t<\/div>\n\t\t<div class=\"elementor-element elementor-element-17e4f67 e-grid e-con-boxed e-con e-parent\" data-id=\"17e4f67\" data-element_type=\"container\" data-e-type=\"container\">\n\t\t\t\t\t<div class=\"e-con-inner\">\n\t\t\t\t<div class=\"elementor-element elementor-element-4438329 elementor-widget elementor-widget-text-editor\" data-id=\"4438329\" data-element_type=\"widget\" data-e-type=\"widget\" data-widget_type=\"text-editor.default\">\n\t\t\t\t<div class=\"elementor-widget-container\">\n\t\t\t\t\t\t\t\t\t<p style=\"text-align: center;\">Ciudad de M\u00e9xico<\/p>\t\t\t\t\t\t\t\t<\/div>\n\t\t\t\t<\/div>\n\t\t\t\t<div class=\"elementor-element elementor-element-d2a88f0 elementor-widget elementor-widget-text-editor\" data-id=\"d2a88f0\" data-element_type=\"widget\" data-e-type=\"widget\" data-widget_type=\"text-editor.default\">\n\t\t\t\t<div class=\"elementor-widget-container\">\n\t\t\t\t\t\t\t\t\t<p style=\"text-align: center;\"><span data-sheets-value=\"{&quot;1&quot;:2,&quot;2&quot;:&quot;Laboratorio Arte Alameda&quot;}\" data-sheets-userformat=\"{&quot;2&quot;:14977,&quot;3&quot;:{&quot;1&quot;:0},&quot;10&quot;:0,&quot;12&quot;:0,&quot;14&quot;:{&quot;1&quot;:2,&quot;2&quot;:0},&quot;15&quot;:&quot;\\&quot;Times New Roman\\&quot;, serif&quot;,&quot;16&quot;:12}\">Laboratorio Arte Alameda<\/span><\/p>\t\t\t\t\t\t\t\t<\/div>\n\t\t\t\t<\/div>\n\t\t\t\t\t<\/div>\n\t\t\t\t<\/div>\n\t\t<div class=\"elementor-element elementor-element-8a4dcc7 e-flex e-con-boxed e-con e-parent\" data-id=\"8a4dcc7\" data-element_type=\"container\" data-e-type=\"container\">\n\t\t\t\t\t<div class=\"e-con-inner\">\n\t\t\t\t<div class=\"elementor-element elementor-element-a261dbf elementor-widget__width-initial elementor-widget-divider--view-line elementor-widget elementor-widget-divider\" data-id=\"a261dbf\" data-element_type=\"widget\" data-e-type=\"widget\" data-widget_type=\"divider.default\">\n\t\t\t\t<div class=\"elementor-widget-container\">\n\t\t\t\t\t\t\t<div class=\"elementor-divider\">\n\t\t\t<span class=\"elementor-divider-separator\">\n\t\t\t\t\t\t<\/span>\n\t\t<\/div>\n\t\t\t\t\t\t<\/div>\n\t\t\t\t<\/div>\n\t\t\t\t\t<\/div>\n\t\t\t\t<\/div>\n\t\t<div class=\"elementor-element elementor-element-5faa0e8 e-grid e-con-boxed e-con e-parent\" data-id=\"5faa0e8\" data-element_type=\"container\" data-e-type=\"container\">\n\t\t\t\t\t<div class=\"e-con-inner\">\n\t\t\t\t<div class=\"elementor-element elementor-element-f6056a1 elementor-widget elementor-widget-text-editor\" data-id=\"f6056a1\" data-element_type=\"widget\" data-e-type=\"widget\" data-widget_type=\"text-editor.default\">\n\t\t\t\t<div class=\"elementor-widget-container\">\n\t\t\t\t\t\t\t\t\t<p style=\"text-align: left;\"><b>Sede<\/b>: <span data-sheets-value=\"{&quot;1&quot;:2,&quot;2&quot;:&quot;Laboratorio Arte Alameda&quot;}\" data-sheets-userformat=\"{&quot;2&quot;:14977,&quot;3&quot;:{&quot;1&quot;:0},&quot;10&quot;:0,&quot;12&quot;:0,&quot;14&quot;:{&quot;1&quot;:2,&quot;2&quot;:0},&quot;15&quot;:&quot;\\&quot;Times New Roman\\&quot;, serif&quot;,&quot;16&quot;:12}\">Laboratorio Arte Alameda<\/span><\/p><p style=\"text-align: left;\"><b>Direcci\u00f3n<\/b>: <span data-sheets-value=\"{&quot;1&quot;:2,&quot;2&quot;:&quot;Calle Dr Mora 7, Colonia Centro, Centro, Cuauht\u00e9moc, 06050 Ciudad de M\u00e9xico, CDMX, M\u00e9xico&quot;}\" data-sheets-userformat=\"{&quot;2&quot;:15299,&quot;3&quot;:{&quot;1&quot;:0},&quot;4&quot;:{&quot;1&quot;:2,&quot;2&quot;:16777215},&quot;9&quot;:0,&quot;10&quot;:0,&quot;11&quot;:4,&quot;12&quot;:0,&quot;14&quot;:{&quot;1&quot;:2,&quot;2&quot;:2105636},&quot;15&quot;:&quot;arial, sans-serif&quot;,&quot;16&quot;:11}\">Calle Dr Mora 7, Colonia Centro, Centro, Cuauht\u00e9moc, 06050 Ciudad de M\u00e9xico, CDMX, M\u00e9xico<\/span><\/p>\t\t\t\t\t\t\t\t<\/div>\n\t\t\t\t<\/div>\n\t\t\t\t<div class=\"elementor-element elementor-element-6f49338 elementor-widget elementor-widget-text-editor\" data-id=\"6f49338\" data-element_type=\"widget\" data-e-type=\"widget\" data-widget_type=\"text-editor.default\">\n\t\t\t\t<div class=\"elementor-widget-container\">\n\t\t\t\t\t\t\t\t\t<p style=\"text-align: center;\"><span data-sheets-value=\"{&quot;1&quot;:2,&quot;2&quot;:&quot;10:00h (GMT-6)&quot;}\" data-sheets-userformat=\"{&quot;2&quot;:14977,&quot;3&quot;:{&quot;1&quot;:0},&quot;10&quot;:0,&quot;12&quot;:0,&quot;14&quot;:{&quot;1&quot;:2,&quot;2&quot;:0},&quot;15&quot;:&quot;\\&quot;Times New Roman\\&quot;, serif&quot;,&quot;16&quot;:12}\">10:00h (GMT-6)<\/span><\/p>\t\t\t\t\t\t\t\t<\/div>\n\t\t\t\t<\/div>\n\t\t\t\t<div class=\"elementor-element elementor-element-f43c64d elementor-widget elementor-widget-text-editor\" data-id=\"f43c64d\" data-element_type=\"widget\" data-e-type=\"widget\" data-widget_type=\"text-editor.default\">\n\t\t\t\t<div class=\"elementor-widget-container\">\n\t\t\t\t\t\t\t\t\t<p><span data-sheets-value=\"{&quot;1&quot;:2,&quot;2&quot;:&quot;Los puros (2021, dir. Carla Vald\u00e9s, Cuba, 18\u2019 min)\\nVentanas (2022, dir. Jhon Ciavaldini, Argentina-Venezuela, 17\u2019 min)\\nVeritas (2022, dir. Eliecer Jim\u00e9nez Almeida, Cuba-Estados Unidos, 67\u2019 min)\\n&quot;}\" data-sheets-userformat=\"{&quot;2&quot;:641,&quot;3&quot;:{&quot;1&quot;:0},&quot;10&quot;:0,&quot;12&quot;:0}\">Los puros (2021, dir. Carla Vald\u00e9s, Cuba, 18\u2019 min)<br \/><\/span><\/p><p><span data-sheets-value=\"{&quot;1&quot;:2,&quot;2&quot;:&quot;Los puros (2021, dir. Carla Vald\u00e9s, Cuba, 18\u2019 min)\\nVentanas (2022, dir. Jhon Ciavaldini, Argentina-Venezuela, 17\u2019 min)\\nVeritas (2022, dir. Eliecer Jim\u00e9nez Almeida, Cuba-Estados Unidos, 67\u2019 min)\\n&quot;}\" data-sheets-userformat=\"{&quot;2&quot;:641,&quot;3&quot;:{&quot;1&quot;:0},&quot;10&quot;:0,&quot;12&quot;:0}\">Ventanas (2022, dir. Jhon Ciavaldini, Argentina-Venezuela, 17\u2019 min)<br \/><\/span><\/p><p><span data-sheets-value=\"{&quot;1&quot;:2,&quot;2&quot;:&quot;Los puros (2021, dir. Carla Vald\u00e9s, Cuba, 18\u2019 min)\\nVentanas (2022, dir. Jhon Ciavaldini, Argentina-Venezuela, 17\u2019 min)\\nVeritas (2022, dir. Eliecer Jim\u00e9nez Almeida, Cuba-Estados Unidos, 67\u2019 min)\\n&quot;}\" data-sheets-userformat=\"{&quot;2&quot;:641,&quot;3&quot;:{&quot;1&quot;:0},&quot;10&quot;:0,&quot;12&quot;:0}\">Veritas (2022, dir. Eliecer Jim\u00e9nez Almeida, Cuba-Estados Unidos, 67\u2019 min)<br \/><\/span><\/p>\t\t\t\t\t\t\t\t<\/div>\n\t\t\t\t<\/div>\n\t\t\t\t\t<\/div>\n\t\t\t\t<\/div>\n\t\t<div class=\"elementor-element elementor-element-d6e2ca8 e-flex e-con-boxed e-con e-parent\" data-id=\"d6e2ca8\" data-element_type=\"container\" data-e-type=\"container\">\n\t\t\t\t\t<div class=\"e-con-inner\">\n\t\t\t\t<div class=\"elementor-element elementor-element-ec01160 elementor-widget__width-initial elementor-widget-divider--view-line elementor-widget elementor-widget-divider\" data-id=\"ec01160\" data-element_type=\"widget\" data-e-type=\"widget\" data-widget_type=\"divider.default\">\n\t\t\t\t<div class=\"elementor-widget-container\">\n\t\t\t\t\t\t\t<div class=\"elementor-divider\">\n\t\t\t<span class=\"elementor-divider-separator\">\n\t\t\t\t\t\t<\/span>\n\t\t<\/div>\n\t\t\t\t\t\t<\/div>\n\t\t\t\t<\/div>\n\t\t\t\t\t<\/div>\n\t\t\t\t<\/div>\n\t\t<div class=\"elementor-element elementor-element-21e997a e-grid e-con-boxed e-con e-parent\" data-id=\"21e997a\" data-element_type=\"container\" data-e-type=\"container\">\n\t\t\t\t\t<div class=\"e-con-inner\">\n\t\t\t\t<div class=\"elementor-element elementor-element-fe63ceb elementor-widget elementor-widget-text-editor\" data-id=\"fe63ceb\" data-element_type=\"widget\" data-e-type=\"widget\" data-widget_type=\"text-editor.default\">\n\t\t\t\t<div class=\"elementor-widget-container\">\n\t\t\t\t\t\t\t\t\t<p style=\"text-align: left;\"><b>Sede<\/b>: <span data-sheets-value=\"{&quot;1&quot;:2,&quot;2&quot;:&quot;Laboratorio Arte Alameda&quot;}\" data-sheets-userformat=\"{&quot;2&quot;:14977,&quot;3&quot;:{&quot;1&quot;:0},&quot;10&quot;:0,&quot;12&quot;:0,&quot;14&quot;:{&quot;1&quot;:2,&quot;2&quot;:0},&quot;15&quot;:&quot;\\&quot;Times New Roman\\&quot;, serif&quot;,&quot;16&quot;:12}\">Laboratorio Arte Alameda<\/span><\/p><p style=\"text-align: left;\"><b>Direcci\u00f3n<\/b>: <span data-sheets-value=\"{&quot;1&quot;:2,&quot;2&quot;:&quot;Calle Dr Mora 7, Colonia Centro, Centro, Cuauht\u00e9moc, 06050 Ciudad de M\u00e9xico, CDMX, M\u00e9xico&quot;}\" data-sheets-userformat=\"{&quot;2&quot;:15299,&quot;3&quot;:{&quot;1&quot;:0},&quot;4&quot;:{&quot;1&quot;:2,&quot;2&quot;:16777215},&quot;9&quot;:0,&quot;10&quot;:0,&quot;11&quot;:4,&quot;12&quot;:0,&quot;14&quot;:{&quot;1&quot;:2,&quot;2&quot;:2105636},&quot;15&quot;:&quot;arial, sans-serif&quot;,&quot;16&quot;:11}\">Calle Dr Mora 7, Colonia Centro, Centro, Cuauht\u00e9moc, 06050 Ciudad de M\u00e9xico, CDMX, M\u00e9xico<\/span><\/p>\t\t\t\t\t\t\t\t<\/div>\n\t\t\t\t<\/div>\n\t\t\t\t<div class=\"elementor-element elementor-element-f4d0fa5 elementor-widget elementor-widget-text-editor\" data-id=\"f4d0fa5\" data-element_type=\"widget\" data-e-type=\"widget\" data-widget_type=\"text-editor.default\">\n\t\t\t\t<div class=\"elementor-widget-container\">\n\t\t\t\t\t\t\t\t\t<p style=\"text-align: center;\"><span data-sheets-value=\"{&quot;1&quot;:2,&quot;2&quot;:&quot;14:00h  (GMT-6)&quot;}\" data-sheets-userformat=\"{&quot;2&quot;:14977,&quot;3&quot;:{&quot;1&quot;:0},&quot;10&quot;:0,&quot;12&quot;:0,&quot;14&quot;:{&quot;1&quot;:2,&quot;2&quot;:0},&quot;15&quot;:&quot;\\&quot;Times New Roman\\&quot;, serif&quot;,&quot;16&quot;:12}\">14:00h (GMT-6)<\/span><\/p>\t\t\t\t\t\t\t\t<\/div>\n\t\t\t\t<\/div>\n\t\t\t\t<div class=\"elementor-element elementor-element-7c729ae elementor-widget elementor-widget-text-editor\" data-id=\"7c729ae\" data-element_type=\"widget\" data-e-type=\"widget\" data-widget_type=\"text-editor.default\">\n\t\t\t\t<div class=\"elementor-widget-container\">\n\t\t\t\t\t\t\t\t\t<p><span data-sheets-value=\"{&quot;1&quot;:2,&quot;2&quot;:&quot;El rodeo (2022, dir. Carlos Meli\u00e1n, Cuba, 30\u2019 min)\\nAgwe (2022, dir. Samuel Suffren, Hait\u00ed, 18\u2019 min)\\nUn homme sous son influence (2023, dir. Emmanuel Martin, Canad\u00e1-Cuba, 77\u2019 min)&quot;}\" data-sheets-userformat=\"{&quot;2&quot;:641,&quot;3&quot;:{&quot;1&quot;:0},&quot;10&quot;:0,&quot;12&quot;:0}\">El rodeo (2021, dir. Carlos Meli\u00e1n, Cuba, 30\u2019 min)<br><\/span><\/p>\n<p><span data-sheets-value=\"{&quot;1&quot;:2,&quot;2&quot;:&quot;El rodeo (2022, dir. Carlos Meli\u00e1n, Cuba, 30\u2019 min)\\nAgwe (2022, dir. Samuel Suffren, Hait\u00ed, 18\u2019 min)\\nUn homme sous son influence (2023, dir. Emmanuel Martin, Canad\u00e1-Cuba, 77\u2019 min)&quot;}\" data-sheets-userformat=\"{&quot;2&quot;:641,&quot;3&quot;:{&quot;1&quot;:0},&quot;10&quot;:0,&quot;12&quot;:0}\">Agwe (2022, dir. Samuel Suffren, Hait\u00ed, 18\u2019 min)<br><\/span><\/p>\n<p><span data-sheets-value=\"{&quot;1&quot;:2,&quot;2&quot;:&quot;El rodeo (2022, dir. Carlos Meli\u00e1n, Cuba, 30\u2019 min)\\nAgwe (2022, dir. Samuel Suffren, Hait\u00ed, 18\u2019 min)\\nUn homme sous son influence (2023, dir. Emmanuel Martin, Canad\u00e1-Cuba, 77\u2019 min)&quot;}\" data-sheets-userformat=\"{&quot;2&quot;:641,&quot;3&quot;:{&quot;1&quot;:0},&quot;10&quot;:0,&quot;12&quot;:0}\">Un homme sous son influence (2023, dir. Emmanuel Martin, Canad\u00e1-Cuba, 77\u2019 min)<\/span><\/p>\t\t\t\t\t\t\t\t<\/div>\n\t\t\t\t<\/div>\n\t\t\t\t\t<\/div>\n\t\t\t\t<\/div>\n\t\t<div class=\"elementor-element elementor-element-7ef62a3 e-flex e-con-boxed e-con e-parent\" data-id=\"7ef62a3\" data-element_type=\"container\" data-e-type=\"container\">\n\t\t\t\t\t<div class=\"e-con-inner\">\n\t\t\t\t<div class=\"elementor-element elementor-element-85ab8d1 elementor-widget__width-initial elementor-widget-divider--view-line elementor-widget elementor-widget-divider\" data-id=\"85ab8d1\" data-element_type=\"widget\" data-e-type=\"widget\" data-widget_type=\"divider.default\">\n\t\t\t\t<div class=\"elementor-widget-container\">\n\t\t\t\t\t\t\t<div class=\"elementor-divider\">\n\t\t\t<span class=\"elementor-divider-separator\">\n\t\t\t\t\t\t<\/span>\n\t\t<\/div>\n\t\t\t\t\t\t<\/div>\n\t\t\t\t<\/div>\n\t\t\t\t\t<\/div>\n\t\t\t\t<\/div>\n\t\t<div class=\"elementor-element elementor-element-322051b e-flex e-con-boxed e-con e-parent\" data-id=\"322051b\" data-element_type=\"container\" data-e-type=\"container\">\n\t\t\t\t\t<div class=\"e-con-inner\">\n\t\t\t\t<div class=\"elementor-element elementor-element-6407dd2 elementor-widget elementor-widget-spacer\" data-id=\"6407dd2\" data-element_type=\"widget\" data-e-type=\"widget\" data-widget_type=\"spacer.default\">\n\t\t\t\t<div class=\"elementor-widget-container\">\n\t\t\t\t\t\t\t<div class=\"elementor-spacer\">\n\t\t\t<div class=\"elementor-spacer-inner\"><\/div>\n\t\t<\/div>\n\t\t\t\t\t\t<\/div>\n\t\t\t\t<\/div>\n\t\t\t\t\t<\/div>\n\t\t\t\t<\/div>\n\t\t<div class=\"elementor-element elementor-element-e7276fe e-grid e-con-boxed e-con e-parent\" data-id=\"e7276fe\" data-element_type=\"container\" data-e-type=\"container\">\n\t\t\t\t\t<div class=\"e-con-inner\">\n\t\t\t\t<div class=\"elementor-element elementor-element-9bc9672 elementor-widget elementor-widget-text-editor\" data-id=\"9bc9672\" data-element_type=\"widget\" data-e-type=\"widget\" data-widget_type=\"text-editor.default\">\n\t\t\t\t<div class=\"elementor-widget-container\">\n\t\t\t\t\t\t\t\t\t<p style=\"text-align: center;\">Barcelona<\/p>\t\t\t\t\t\t\t\t<\/div>\n\t\t\t\t<\/div>\n\t\t\t\t<div class=\"elementor-element elementor-element-dc8706b elementor-widget elementor-widget-text-editor\" data-id=\"dc8706b\" data-element_type=\"widget\" data-e-type=\"widget\" data-widget_type=\"text-editor.default\">\n\t\t\t\t<div class=\"elementor-widget-container\">\n\t\t\t\t\t\t\t\t\t<p style=\"text-align: center;\"><span data-sheets-value=\"{&quot;1&quot;:2,&quot;2&quot;:&quot;Zumzeig Cinecooperativa&quot;}\" data-sheets-userformat=\"{&quot;2&quot;:14977,&quot;3&quot;:{&quot;1&quot;:0},&quot;10&quot;:0,&quot;12&quot;:0,&quot;14&quot;:{&quot;1&quot;:2,&quot;2&quot;:0},&quot;15&quot;:&quot;\\&quot;Times New Roman\\&quot;, serif&quot;,&quot;16&quot;:12}\">Zumzeig Cinecooperativa<\/span><\/p>\t\t\t\t\t\t\t\t<\/div>\n\t\t\t\t<\/div>\n\t\t\t\t\t<\/div>\n\t\t\t\t<\/div>\n\t\t<div class=\"elementor-element elementor-element-de6fe29 e-flex e-con-boxed e-con e-parent\" data-id=\"de6fe29\" data-element_type=\"container\" data-e-type=\"container\">\n\t\t\t\t\t<div class=\"e-con-inner\">\n\t\t\t\t<div class=\"elementor-element elementor-element-9be3026 elementor-widget__width-initial elementor-widget-divider--view-line elementor-widget elementor-widget-divider\" data-id=\"9be3026\" data-element_type=\"widget\" data-e-type=\"widget\" data-widget_type=\"divider.default\">\n\t\t\t\t<div class=\"elementor-widget-container\">\n\t\t\t\t\t\t\t<div class=\"elementor-divider\">\n\t\t\t<span class=\"elementor-divider-separator\">\n\t\t\t\t\t\t<\/span>\n\t\t<\/div>\n\t\t\t\t\t\t<\/div>\n\t\t\t\t<\/div>\n\t\t\t\t\t<\/div>\n\t\t\t\t<\/div>\n\t\t<div class=\"elementor-element elementor-element-d123f46 e-grid e-con-boxed e-con e-parent\" data-id=\"d123f46\" data-element_type=\"container\" data-e-type=\"container\">\n\t\t\t\t\t<div class=\"e-con-inner\">\n\t\t\t\t<div class=\"elementor-element elementor-element-1688fb2 elementor-widget elementor-widget-text-editor\" data-id=\"1688fb2\" data-element_type=\"widget\" data-e-type=\"widget\" data-widget_type=\"text-editor.default\">\n\t\t\t\t<div class=\"elementor-widget-container\">\n\t\t\t\t\t\t\t\t\t<p style=\"text-align: left;\"><b>Sede<\/b>: <span data-sheets-value=\"{&quot;1&quot;:2,&quot;2&quot;:&quot;Zumzeig Cinecooperativa&quot;}\" data-sheets-userformat=\"{&quot;2&quot;:14977,&quot;3&quot;:{&quot;1&quot;:0},&quot;10&quot;:0,&quot;12&quot;:0,&quot;14&quot;:{&quot;1&quot;:2,&quot;2&quot;:0},&quot;15&quot;:&quot;\\&quot;Times New Roman\\&quot;, serif&quot;,&quot;16&quot;:12}\">Zumzeig Cinecooperativa<\/span><\/p><p style=\"text-align: left;\"><b>Direcci\u00f3n<\/b>: <span data-sheets-value=\"{&quot;1&quot;:2,&quot;2&quot;:&quot;C\/ de B\u00e9jar, 53, 08014 Barcelona, Espa\u00f1a&quot;}\" data-sheets-userformat=\"{&quot;2&quot;:15171,&quot;3&quot;:{&quot;1&quot;:0},&quot;4&quot;:{&quot;1&quot;:2,&quot;2&quot;:16777215},&quot;9&quot;:0,&quot;11&quot;:4,&quot;12&quot;:0,&quot;14&quot;:{&quot;1&quot;:2,&quot;2&quot;:2105636},&quot;15&quot;:&quot;arial, sans-serif&quot;,&quot;16&quot;:11}\">C\/ de B\u00e9jar, 53, 08014 Barcelona, Espa\u00f1a<\/span><\/p>\t\t\t\t\t\t\t\t<\/div>\n\t\t\t\t<\/div>\n\t\t\t\t<div class=\"elementor-element elementor-element-b8e868f elementor-widget elementor-widget-text-editor\" data-id=\"b8e868f\" data-element_type=\"widget\" data-e-type=\"widget\" data-widget_type=\"text-editor.default\">\n\t\t\t\t<div class=\"elementor-widget-container\">\n\t\t\t\t\t\t\t\t\t<p style=\"text-align: center;\"><span data-sheets-value=\"{&quot;1&quot;:2,&quot;2&quot;:&quot;17:00 (GMT+1) &quot;}\" data-sheets-userformat=\"{&quot;2&quot;:14849,&quot;3&quot;:{&quot;1&quot;:0},&quot;12&quot;:0,&quot;14&quot;:{&quot;1&quot;:2,&quot;2&quot;:0},&quot;15&quot;:&quot;\\&quot;Times New Roman\\&quot;, serif&quot;,&quot;16&quot;:12}\">17:00 (GMT+1) <\/span><\/p>\t\t\t\t\t\t\t\t<\/div>\n\t\t\t\t<\/div>\n\t\t\t\t<div class=\"elementor-element elementor-element-f9ba34a elementor-widget elementor-widget-text-editor\" data-id=\"f9ba34a\" data-element_type=\"widget\" data-e-type=\"widget\" data-widget_type=\"text-editor.default\">\n\t\t\t\t<div class=\"elementor-widget-container\">\n\t\t\t\t\t\t\t\t\t<p><span data-sheets-value=\"{&quot;1&quot;:2,&quot;2&quot;:&quot;A Lady's Home Journal (1972, dir. Fernando Villaverde, Estados Unidos, 19\u2019 min) El rodeo (2021, dir. Carlos Meli\u00e1n, Cuba, 30\u2019 min). Agwe (2022, dir. Samuel Suffren, Hait\u00ed, 18\u2019 min)\\nAbisal (2021, dir. Alejandro Alonso, Cuba-Francia, 30\u2019 min)\\nQ&amp;A con Fernando Villaverde y Carlos Meli\u00e1n.\\n&quot;}\" data-sheets-userformat=\"{&quot;2&quot;:2945,&quot;3&quot;:{&quot;1&quot;:0},&quot;10&quot;:0,&quot;11&quot;:4,&quot;12&quot;:0,&quot;14&quot;:{&quot;1&quot;:2,&quot;2&quot;:1776411}}\">A Lady&#8217;s Home Journal (1972, dir. Fernando Villaverde, Estados Unidos, 19\u2019 min) <\/span><\/p><p><span data-sheets-value=\"{&quot;1&quot;:2,&quot;2&quot;:&quot;A Lady's Home Journal (1972, dir. Fernando Villaverde, Estados Unidos, 19\u2019 min) El rodeo (2021, dir. Carlos Meli\u00e1n, Cuba, 30\u2019 min). Agwe (2022, dir. Samuel Suffren, Hait\u00ed, 18\u2019 min)\\nAbisal (2021, dir. Alejandro Alonso, Cuba-Francia, 30\u2019 min)\\nQ&amp;A con Fernando Villaverde y Carlos Meli\u00e1n.\\n&quot;}\" data-sheets-userformat=\"{&quot;2&quot;:2945,&quot;3&quot;:{&quot;1&quot;:0},&quot;10&quot;:0,&quot;11&quot;:4,&quot;12&quot;:0,&quot;14&quot;:{&quot;1&quot;:2,&quot;2&quot;:1776411}}\">El rodeo (2021, dir. Carlos Meli\u00e1n, Cuba, 30\u2019 min). <\/span><\/p><p><span data-sheets-value=\"{&quot;1&quot;:2,&quot;2&quot;:&quot;A Lady's Home Journal (1972, dir. Fernando Villaverde, Estados Unidos, 19\u2019 min) El rodeo (2021, dir. Carlos Meli\u00e1n, Cuba, 30\u2019 min). Agwe (2022, dir. Samuel Suffren, Hait\u00ed, 18\u2019 min)\\nAbisal (2021, dir. Alejandro Alonso, Cuba-Francia, 30\u2019 min)\\nQ&amp;A con Fernando Villaverde y Carlos Meli\u00e1n.\\n&quot;}\" data-sheets-userformat=\"{&quot;2&quot;:2945,&quot;3&quot;:{&quot;1&quot;:0},&quot;10&quot;:0,&quot;11&quot;:4,&quot;12&quot;:0,&quot;14&quot;:{&quot;1&quot;:2,&quot;2&quot;:1776411}}\">Agwe (2022, dir. Samuel Suffren, Hait\u00ed, 18\u2019 min)<br \/><\/span><\/p><p><span data-sheets-value=\"{&quot;1&quot;:2,&quot;2&quot;:&quot;A Lady's Home Journal (1972, dir. Fernando Villaverde, Estados Unidos, 19\u2019 min) El rodeo (2021, dir. Carlos Meli\u00e1n, Cuba, 30\u2019 min). Agwe (2022, dir. Samuel Suffren, Hait\u00ed, 18\u2019 min)\\nAbisal (2021, dir. Alejandro Alonso, Cuba-Francia, 30\u2019 min)\\nQ&amp;A con Fernando Villaverde y Carlos Meli\u00e1n.\\n&quot;}\" data-sheets-userformat=\"{&quot;2&quot;:2945,&quot;3&quot;:{&quot;1&quot;:0},&quot;10&quot;:0,&quot;11&quot;:4,&quot;12&quot;:0,&quot;14&quot;:{&quot;1&quot;:2,&quot;2&quot;:1776411}}\">Abisal (2021, dir. Alejandro Alonso, Cuba-Francia, 30\u2019 min)<br \/><\/span><\/p><p><span data-sheets-value=\"{&quot;1&quot;:2,&quot;2&quot;:&quot;A Lady's Home Journal (1972, dir. Fernando Villaverde, Estados Unidos, 19\u2019 min) El rodeo (2021, dir. Carlos Meli\u00e1n, Cuba, 30\u2019 min). Agwe (2022, dir. Samuel Suffren, Hait\u00ed, 18\u2019 min)\\nAbisal (2021, dir. Alejandro Alonso, Cuba-Francia, 30\u2019 min)\\nQ&amp;A con Fernando Villaverde y Carlos Meli\u00e1n.\\n&quot;}\" data-sheets-userformat=\"{&quot;2&quot;:2945,&quot;3&quot;:{&quot;1&quot;:0},&quot;10&quot;:0,&quot;11&quot;:4,&quot;12&quot;:0,&quot;14&quot;:{&quot;1&quot;:2,&quot;2&quot;:1776411}}\">Q&amp;A con Fernando Villaverde, Alejandro Alonso y Carlos Meli\u00e1n.<br \/><\/span><\/p>\t\t\t\t\t\t\t\t<\/div>\n\t\t\t\t<\/div>\n\t\t\t\t\t<\/div>\n\t\t\t\t<\/div>\n\t\t<div class=\"elementor-element elementor-element-3c6f3f7 e-flex e-con-boxed e-con e-parent\" data-id=\"3c6f3f7\" data-element_type=\"container\" data-e-type=\"container\">\n\t\t\t\t\t<div class=\"e-con-inner\">\n\t\t\t\t<div class=\"elementor-element elementor-element-e2139db elementor-widget__width-initial elementor-widget-divider--view-line elementor-widget elementor-widget-divider\" data-id=\"e2139db\" data-element_type=\"widget\" data-e-type=\"widget\" data-widget_type=\"divider.default\">\n\t\t\t\t<div class=\"elementor-widget-container\">\n\t\t\t\t\t\t\t<div class=\"elementor-divider\">\n\t\t\t<span class=\"elementor-divider-separator\">\n\t\t\t\t\t\t<\/span>\n\t\t<\/div>\n\t\t\t\t\t\t<\/div>\n\t\t\t\t<\/div>\n\t\t\t\t\t<\/div>\n\t\t\t\t<\/div>\n\t\t<div class=\"elementor-element elementor-element-abc2adb e-flex e-con-boxed e-con e-parent\" data-id=\"abc2adb\" data-element_type=\"container\" data-e-type=\"container\">\n\t\t\t\t\t<div class=\"e-con-inner\">\n\t\t\t\t<div class=\"elementor-element elementor-element-aa152f5 elementor-widget elementor-widget-spacer\" data-id=\"aa152f5\" data-element_type=\"widget\" data-e-type=\"widget\" data-widget_type=\"spacer.default\">\n\t\t\t\t<div class=\"elementor-widget-container\">\n\t\t\t\t\t\t\t<div class=\"elementor-spacer\">\n\t\t\t<div class=\"elementor-spacer-inner\"><\/div>\n\t\t<\/div>\n\t\t\t\t\t\t<\/div>\n\t\t\t\t<\/div>\n\t\t\t\t\t<\/div>\n\t\t\t\t<\/div>\n\t\t<div class=\"elementor-element elementor-element-cbaae64 e-grid e-con-boxed e-con e-parent\" data-id=\"cbaae64\" data-element_type=\"container\" data-e-type=\"container\">\n\t\t\t\t\t<div class=\"e-con-inner\">\n\t\t\t\t<div class=\"elementor-element elementor-element-834de81 elementor-widget elementor-widget-text-editor\" data-id=\"834de81\" data-element_type=\"widget\" data-e-type=\"widget\" data-widget_type=\"text-editor.default\">\n\t\t\t\t<div class=\"elementor-widget-container\">\n\t\t\t\t\t\t\t\t\t<p style=\"text-align: center;\">Par\u00eds<\/p>\t\t\t\t\t\t\t\t<\/div>\n\t\t\t\t<\/div>\n\t\t\t\t<div class=\"elementor-element elementor-element-2c7120c elementor-widget elementor-widget-text-editor\" data-id=\"2c7120c\" data-element_type=\"widget\" data-e-type=\"widget\" data-widget_type=\"text-editor.default\">\n\t\t\t\t<div class=\"elementor-widget-container\">\n\t\t\t\t\t\t\t\t\t<p style=\"text-align: center;\"><span data-sheets-value=\"{&quot;1&quot;:2,&quot;2&quot;:&quot;Centro Cultural General San Mart\u00edn\\n&quot;}\" data-sheets-userformat=\"{&quot;2&quot;:14977,&quot;3&quot;:{&quot;1&quot;:0},&quot;10&quot;:0,&quot;12&quot;:0,&quot;14&quot;:{&quot;1&quot;:2,&quot;2&quot;:0},&quot;15&quot;:&quot;\\&quot;Times New Roman\\&quot;, serif&quot;,&quot;16&quot;:12}\">Maison de l\u2019Am\u00e9rique Latine<\/span><\/p>\t\t\t\t\t\t\t\t<\/div>\n\t\t\t\t<\/div>\n\t\t\t\t\t<\/div>\n\t\t\t\t<\/div>\n\t\t<div class=\"elementor-element elementor-element-d2756e1 e-flex e-con-boxed e-con e-parent\" data-id=\"d2756e1\" data-element_type=\"container\" data-e-type=\"container\">\n\t\t\t\t\t<div class=\"e-con-inner\">\n\t\t\t\t<div class=\"elementor-element elementor-element-bed2f32 elementor-widget__width-initial elementor-widget-divider--view-line elementor-widget elementor-widget-divider\" data-id=\"bed2f32\" data-element_type=\"widget\" data-e-type=\"widget\" data-widget_type=\"divider.default\">\n\t\t\t\t<div class=\"elementor-widget-container\">\n\t\t\t\t\t\t\t<div class=\"elementor-divider\">\n\t\t\t<span class=\"elementor-divider-separator\">\n\t\t\t\t\t\t<\/span>\n\t\t<\/div>\n\t\t\t\t\t\t<\/div>\n\t\t\t\t<\/div>\n\t\t\t\t\t<\/div>\n\t\t\t\t<\/div>\n\t\t<div class=\"elementor-element elementor-element-e9288d1 e-grid e-con-boxed e-con e-parent\" data-id=\"e9288d1\" data-element_type=\"container\" data-e-type=\"container\">\n\t\t\t\t\t<div class=\"e-con-inner\">\n\t\t\t\t<div class=\"elementor-element elementor-element-ae1bb6d elementor-widget elementor-widget-text-editor\" data-id=\"ae1bb6d\" data-element_type=\"widget\" data-e-type=\"widget\" data-widget_type=\"text-editor.default\">\n\t\t\t\t<div class=\"elementor-widget-container\">\n\t\t\t\t\t\t\t\t\t<p style=\"text-align: left;\"><b>Sede<\/b>: <span data-sheets-value=\"{&quot;1&quot;:2,&quot;2&quot;:&quot;Maison de l\u2019Am\u00e9rique Latine&quot;}\" data-sheets-userformat=\"{&quot;2&quot;:14849,&quot;3&quot;:{&quot;1&quot;:0},&quot;12&quot;:0,&quot;14&quot;:{&quot;1&quot;:2,&quot;2&quot;:0},&quot;15&quot;:&quot;\\&quot;Times New Roman\\&quot;, serif&quot;,&quot;16&quot;:12}\">Maison de l\u2019Am\u00e9rique Latine<\/span><span data-sheets-value=\"{&quot;1&quot;:2,&quot;2&quot;:&quot;Centro Cultural General San Mart\u00edn\\n&quot;}\" data-sheets-userformat=\"{&quot;2&quot;:14977,&quot;3&quot;:{&quot;1&quot;:0},&quot;10&quot;:0,&quot;12&quot;:0,&quot;14&quot;:{&quot;1&quot;:2,&quot;2&quot;:0},&quot;15&quot;:&quot;\\&quot;Times New Roman\\&quot;, serif&quot;,&quot;16&quot;:12}\"><br \/><\/span><\/p><p style=\"text-align: left;\"><b>Direcci\u00f3n<\/b>:<span data-sheets-value=\"{&quot;1&quot;:2,&quot;2&quot;:&quot;Centro Cultural General San Mart\u00edn, Sarmiento 1551, C1042 ABC, Buenos Aires, Argentina&quot;}\" data-sheets-userformat=\"{&quot;2&quot;:15171,&quot;3&quot;:{&quot;1&quot;:0},&quot;4&quot;:{&quot;1&quot;:2,&quot;2&quot;:16777215},&quot;9&quot;:0,&quot;11&quot;:4,&quot;12&quot;:0,&quot;14&quot;:{&quot;1&quot;:2,&quot;2&quot;:2105636},&quot;15&quot;:&quot;arial, sans-serif&quot;,&quot;16&quot;:11}\"> Maison de l&#8217;Am\u00e9rique latine, 217 Bd Saint-Germain, 75007 Par\u00eds, Francia<\/span><\/p>\t\t\t\t\t\t\t\t<\/div>\n\t\t\t\t<\/div>\n\t\t\t\t<div class=\"elementor-element elementor-element-5bd4823 elementor-widget elementor-widget-text-editor\" data-id=\"5bd4823\" data-element_type=\"widget\" data-e-type=\"widget\" data-widget_type=\"text-editor.default\">\n\t\t\t\t<div class=\"elementor-widget-container\">\n\t\t\t\t\t\t\t\t\t<p style=\"text-align: center;\"><span data-sheets-value=\"{&quot;1&quot;:2,&quot;2&quot;:&quot;17:00h   (GMT+1)&quot;}\" data-sheets-userformat=\"{&quot;2&quot;:14849,&quot;3&quot;:{&quot;1&quot;:0},&quot;12&quot;:0,&quot;14&quot;:{&quot;1&quot;:2,&quot;2&quot;:0},&quot;15&quot;:&quot;\\&quot;Times New Roman\\&quot;, serif&quot;,&quot;16&quot;:12}\">17:00h (GMT+1)<\/span><\/p>\t\t\t\t\t\t\t\t<\/div>\n\t\t\t\t<\/div>\n\t\t\t\t<div class=\"elementor-element elementor-element-1a2ca12 elementor-widget elementor-widget-text-editor\" data-id=\"1a2ca12\" data-element_type=\"widget\" data-e-type=\"widget\" data-widget_type=\"text-editor.default\">\n\t\t\t\t<div class=\"elementor-widget-container\">\n\t\t\t\t\t\t\t\t\t<p><span data-sheets-value=\"{&quot;1&quot;:2,&quot;2&quot;:&quot;Los puros (2021, dir. Carla Vald\u00e9s, Cuba, 18\u2019 min)                                                                                                                                                                                                                    Camino de lava  (2023, dir. Gretel Mar\u00edn, Cuba, 27' min)                                                                                                                                                                                     Mujeres que sue\u00f1an un pa\u00eds (2023, dir. Fernando Fraguela, Cuba, 50\u2019 min)&quot;}\" data-sheets-userformat=\"{&quot;2&quot;:897,&quot;3&quot;:{&quot;1&quot;:0},&quot;10&quot;:0,&quot;11&quot;:4,&quot;12&quot;:0}\">Los puros (2021, dir. Carla Vald\u00e9s, Cuba, 18\u2019 min) <\/span><\/p><p><span data-sheets-value=\"{&quot;1&quot;:2,&quot;2&quot;:&quot;Los puros (2021, dir. Carla Vald\u00e9s, Cuba, 18\u2019 min)                                                                                                                                                                                                                    Camino de lava  (2023, dir. Gretel Mar\u00edn, Cuba, 27' min)                                                                                                                                                                                     Mujeres que sue\u00f1an un pa\u00eds (2023, dir. Fernando Fraguela, Cuba, 50\u2019 min)&quot;}\" data-sheets-userformat=\"{&quot;2&quot;:897,&quot;3&quot;:{&quot;1&quot;:0},&quot;10&quot;:0,&quot;11&quot;:4,&quot;12&quot;:0}\">Camino de lava (2023, dir. Gretel Mar\u00edn, Cuba, 27&#8242; min) <\/span><\/p><p><span data-sheets-value=\"{&quot;1&quot;:2,&quot;2&quot;:&quot;Los puros (2021, dir. Carla Vald\u00e9s, Cuba, 18\u2019 min)                                                                                                                                                                                                                    Camino de lava  (2023, dir. Gretel Mar\u00edn, Cuba, 27' min)                                                                                                                                                                                     Mujeres que sue\u00f1an un pa\u00eds (2023, dir. Fernando Fraguela, Cuba, 50\u2019 min)&quot;}\" data-sheets-userformat=\"{&quot;2&quot;:897,&quot;3&quot;:{&quot;1&quot;:0},&quot;10&quot;:0,&quot;11&quot;:4,&quot;12&quot;:0}\">Mujeres que sue\u00f1an un pa\u00eds (2023, dir. Fernando Fraguela, Cuba, 50\u2019 min)<\/span><\/p>\t\t\t\t\t\t\t\t<\/div>\n\t\t\t\t<\/div>\n\t\t\t\t\t<\/div>\n\t\t\t\t<\/div>\n\t\t<div class=\"elementor-element elementor-element-a1c1b1f e-flex e-con-boxed e-con e-parent\" data-id=\"a1c1b1f\" data-element_type=\"container\" data-e-type=\"container\">\n\t\t\t\t\t<div class=\"e-con-inner\">\n\t\t\t\t<div class=\"elementor-element elementor-element-bcdbc97 elementor-widget__width-initial elementor-widget-divider--view-line elementor-widget elementor-widget-divider\" data-id=\"bcdbc97\" data-element_type=\"widget\" data-e-type=\"widget\" data-widget_type=\"divider.default\">\n\t\t\t\t<div class=\"elementor-widget-container\">\n\t\t\t\t\t\t\t<div class=\"elementor-divider\">\n\t\t\t<span class=\"elementor-divider-separator\">\n\t\t\t\t\t\t<\/span>\n\t\t<\/div>\n\t\t\t\t\t\t<\/div>\n\t\t\t\t<\/div>\n\t\t\t\t\t<\/div>\n\t\t\t\t<\/div>\n\t\t<div class=\"elementor-element elementor-element-f50e480 e-grid e-con-boxed e-con e-parent\" data-id=\"f50e480\" data-element_type=\"container\" data-e-type=\"container\">\n\t\t\t\t\t<div class=\"e-con-inner\">\n\t\t\t\t<div class=\"elementor-element elementor-element-a2ef743 elementor-widget elementor-widget-text-editor\" data-id=\"a2ef743\" data-element_type=\"widget\" data-e-type=\"widget\" data-widget_type=\"text-editor.default\">\n\t\t\t\t<div class=\"elementor-widget-container\">\n\t\t\t\t\t\t\t\t\t<p style=\"text-align: left;\"><b>Sede<\/b>: <span data-sheets-value=\"{&quot;1&quot;:2,&quot;2&quot;:&quot;Maison de l\u2019Am\u00e9rique Latine&quot;}\" data-sheets-userformat=\"{&quot;2&quot;:14849,&quot;3&quot;:{&quot;1&quot;:0},&quot;12&quot;:0,&quot;14&quot;:{&quot;1&quot;:2,&quot;2&quot;:0},&quot;15&quot;:&quot;\\&quot;Times New Roman\\&quot;, serif&quot;,&quot;16&quot;:12}\">Maison de l\u2019Am\u00e9rique Latine<\/span><span data-sheets-value=\"{&quot;1&quot;:2,&quot;2&quot;:&quot;Centro Cultural General San Mart\u00edn\\n&quot;}\" data-sheets-userformat=\"{&quot;2&quot;:14977,&quot;3&quot;:{&quot;1&quot;:0},&quot;10&quot;:0,&quot;12&quot;:0,&quot;14&quot;:{&quot;1&quot;:2,&quot;2&quot;:0},&quot;15&quot;:&quot;\\&quot;Times New Roman\\&quot;, serif&quot;,&quot;16&quot;:12}\"><br \/><\/span><\/p><p style=\"text-align: left;\"><b>Direcci\u00f3n<\/b>:<span data-sheets-value=\"{&quot;1&quot;:2,&quot;2&quot;:&quot;Centro Cultural General San Mart\u00edn, Sarmiento 1551, C1042 ABC, Buenos Aires, Argentina&quot;}\" data-sheets-userformat=\"{&quot;2&quot;:15171,&quot;3&quot;:{&quot;1&quot;:0},&quot;4&quot;:{&quot;1&quot;:2,&quot;2&quot;:16777215},&quot;9&quot;:0,&quot;11&quot;:4,&quot;12&quot;:0,&quot;14&quot;:{&quot;1&quot;:2,&quot;2&quot;:2105636},&quot;15&quot;:&quot;arial, sans-serif&quot;,&quot;16&quot;:11}\"> Maison de l&#8217;Am\u00e9rique latine, 217 Bd Saint-Germain, 75007 Par\u00eds, Francia<\/span><\/p>\t\t\t\t\t\t\t\t<\/div>\n\t\t\t\t<\/div>\n\t\t\t\t<div class=\"elementor-element elementor-element-b278ebc elementor-widget elementor-widget-text-editor\" data-id=\"b278ebc\" data-element_type=\"widget\" data-e-type=\"widget\" data-widget_type=\"text-editor.default\">\n\t\t\t\t<div class=\"elementor-widget-container\">\n\t\t\t\t\t\t\t\t\t<p style=\"text-align: center;\"><span data-sheets-value=\"{&quot;1&quot;:2,&quot;2&quot;:&quot;19:30h (GMT+1)&quot;}\" data-sheets-userformat=\"{&quot;2&quot;:14849,&quot;3&quot;:{&quot;1&quot;:0},&quot;12&quot;:0,&quot;14&quot;:{&quot;1&quot;:2,&quot;2&quot;:0},&quot;15&quot;:&quot;\\&quot;Times New Roman\\&quot;, serif&quot;,&quot;16&quot;:12}\">19:30h (GMT+1)<\/span><\/p>\t\t\t\t\t\t\t\t<\/div>\n\t\t\t\t<\/div>\n\t\t\t\t<div class=\"elementor-element elementor-element-0ac95a3 elementor-widget elementor-widget-text-editor\" data-id=\"0ac95a3\" data-element_type=\"widget\" data-e-type=\"widget\" data-widget_type=\"text-editor.default\">\n\t\t\t\t<div class=\"elementor-widget-container\">\n\t\t\t\t\t\t\t\t\t<p><span data-sheets-value=\"{&quot;1&quot;:2,&quot;2&quot;:&quot;La opci\u00f3n cero (2020, dir. Marcel Beltr\u00e1n, Cuba-Brasil-Colombia, 80\u2019 min)&quot;}\" data-sheets-userformat=\"{&quot;2&quot;:14849,&quot;3&quot;:{&quot;1&quot;:0},&quot;12&quot;:0,&quot;14&quot;:{&quot;1&quot;:2,&quot;2&quot;:0},&quot;15&quot;:&quot;\\&quot;Times New Roman\\&quot;, serif&quot;,&quot;16&quot;:12}\">La opci\u00f3n cero (2020, dir. Marcel Beltr\u00e1n, Cuba-Brasil-Colombia, 80\u2019 min)<\/span><\/p>\t\t\t\t\t\t\t\t<\/div>\n\t\t\t\t<\/div>\n\t\t\t\t\t<\/div>\n\t\t\t\t<\/div>\n\t\t<div class=\"elementor-element elementor-element-db25953 e-flex e-con-boxed e-con e-parent\" data-id=\"db25953\" data-element_type=\"container\" data-e-type=\"container\">\n\t\t\t\t\t<div class=\"e-con-inner\">\n\t\t\t\t<div class=\"elementor-element elementor-element-e7729b9 elementor-widget__width-initial elementor-widget-divider--view-line elementor-widget elementor-widget-divider\" data-id=\"e7729b9\" data-element_type=\"widget\" data-e-type=\"widget\" data-widget_type=\"divider.default\">\n\t\t\t\t<div class=\"elementor-widget-container\">\n\t\t\t\t\t\t\t<div class=\"elementor-divider\">\n\t\t\t<span class=\"elementor-divider-separator\">\n\t\t\t\t\t\t<\/span>\n\t\t<\/div>\n\t\t\t\t\t\t<\/div>\n\t\t\t\t<\/div>\n\t\t\t\t\t<\/div>\n\t\t\t\t<\/div>\n\t\t<div class=\"elementor-element elementor-element-313b3e4 e-flex e-con-boxed e-con e-parent\" data-id=\"313b3e4\" data-element_type=\"container\" data-e-type=\"container\">\n\t\t\t\t\t<div class=\"e-con-inner\">\n\t\t\t\t<div class=\"elementor-element elementor-element-0b98ffa elementor-widget elementor-widget-spacer\" data-id=\"0b98ffa\" data-element_type=\"widget\" data-e-type=\"widget\" data-widget_type=\"spacer.default\">\n\t\t\t\t<div class=\"elementor-widget-container\">\n\t\t\t\t\t\t\t<div class=\"elementor-spacer\">\n\t\t\t<div class=\"elementor-spacer-inner\"><\/div>\n\t\t<\/div>\n\t\t\t\t\t\t<\/div>\n\t\t\t\t<\/div>\n\t\t\t\t\t<\/div>\n\t\t\t\t<\/div>\n\t\t<div class=\"elementor-element elementor-element-2476f35 e-grid e-con-boxed e-con e-parent\" data-id=\"2476f35\" data-element_type=\"container\" data-e-type=\"container\">\n\t\t\t\t\t<div class=\"e-con-inner\">\n\t\t\t\t<div class=\"elementor-element elementor-element-673fc1d elementor-widget elementor-widget-text-editor\" data-id=\"673fc1d\" data-element_type=\"widget\" data-e-type=\"widget\" data-widget_type=\"text-editor.default\">\n\t\t\t\t<div class=\"elementor-widget-container\">\n\t\t\t\t\t\t\t\t\t<p style=\"text-align: center;\">Buenos Aires<\/p>\t\t\t\t\t\t\t\t<\/div>\n\t\t\t\t<\/div>\n\t\t\t\t<div class=\"elementor-element elementor-element-6fb6ca4 elementor-widget elementor-widget-text-editor\" data-id=\"6fb6ca4\" data-element_type=\"widget\" data-e-type=\"widget\" data-widget_type=\"text-editor.default\">\n\t\t\t\t<div class=\"elementor-widget-container\">\n\t\t\t\t\t\t\t\t\t<p style=\"text-align: center;\"><span data-sheets-value=\"{&quot;1&quot;:2,&quot;2&quot;:&quot;Centro Cultural General San Mart\u00edn\\n&quot;}\" data-sheets-userformat=\"{&quot;2&quot;:14977,&quot;3&quot;:{&quot;1&quot;:0},&quot;10&quot;:0,&quot;12&quot;:0,&quot;14&quot;:{&quot;1&quot;:2,&quot;2&quot;:0},&quot;15&quot;:&quot;\\&quot;Times New Roman\\&quot;, serif&quot;,&quot;16&quot;:12}\">Centro Cultural General San Mart\u00edn<br \/><\/span><\/p>\t\t\t\t\t\t\t\t<\/div>\n\t\t\t\t<\/div>\n\t\t\t\t\t<\/div>\n\t\t\t\t<\/div>\n\t\t<div class=\"elementor-element elementor-element-a5db85b e-flex e-con-boxed e-con e-parent\" data-id=\"a5db85b\" data-element_type=\"container\" data-e-type=\"container\">\n\t\t\t\t\t<div class=\"e-con-inner\">\n\t\t\t\t<div class=\"elementor-element elementor-element-ae816e3 elementor-widget__width-initial elementor-widget-divider--view-line elementor-widget elementor-widget-divider\" data-id=\"ae816e3\" data-element_type=\"widget\" data-e-type=\"widget\" data-widget_type=\"divider.default\">\n\t\t\t\t<div class=\"elementor-widget-container\">\n\t\t\t\t\t\t\t<div class=\"elementor-divider\">\n\t\t\t<span class=\"elementor-divider-separator\">\n\t\t\t\t\t\t<\/span>\n\t\t<\/div>\n\t\t\t\t\t\t<\/div>\n\t\t\t\t<\/div>\n\t\t\t\t\t<\/div>\n\t\t\t\t<\/div>\n\t\t<div class=\"elementor-element elementor-element-71c8f04 e-grid e-con-boxed e-con e-parent\" data-id=\"71c8f04\" data-element_type=\"container\" data-e-type=\"container\">\n\t\t\t\t\t<div class=\"e-con-inner\">\n\t\t\t\t<div class=\"elementor-element elementor-element-81d819c elementor-widget elementor-widget-text-editor\" data-id=\"81d819c\" data-element_type=\"widget\" data-e-type=\"widget\" data-widget_type=\"text-editor.default\">\n\t\t\t\t<div class=\"elementor-widget-container\">\n\t\t\t\t\t\t\t\t\t<p style=\"text-align: left;\"><b>Sede<\/b>: <span data-sheets-value=\"{&quot;1&quot;:2,&quot;2&quot;:&quot;Centro Cultural General San Mart\u00edn\\n&quot;}\" data-sheets-userformat=\"{&quot;2&quot;:14977,&quot;3&quot;:{&quot;1&quot;:0},&quot;10&quot;:0,&quot;12&quot;:0,&quot;14&quot;:{&quot;1&quot;:2,&quot;2&quot;:0},&quot;15&quot;:&quot;\\&quot;Times New Roman\\&quot;, serif&quot;,&quot;16&quot;:12}\">Centro Cultural General San Mart\u00edn<br \/><\/span><\/p><p style=\"text-align: left;\"><b>Direcci\u00f3n<\/b>: <span data-sheets-value=\"{&quot;1&quot;:2,&quot;2&quot;:&quot;Centro Cultural General San Mart\u00edn, Sarmiento 1551, C1042 ABC, Buenos Aires, Argentina&quot;}\" data-sheets-userformat=\"{&quot;2&quot;:15171,&quot;3&quot;:{&quot;1&quot;:0},&quot;4&quot;:{&quot;1&quot;:2,&quot;2&quot;:16777215},&quot;9&quot;:0,&quot;11&quot;:4,&quot;12&quot;:0,&quot;14&quot;:{&quot;1&quot;:2,&quot;2&quot;:2105636},&quot;15&quot;:&quot;arial, sans-serif&quot;,&quot;16&quot;:11}\">Centro Cultural General San Mart\u00edn, Sarmiento 1551, C1042 ABC, Buenos Aires, Argentina<\/span><\/p>\t\t\t\t\t\t\t\t<\/div>\n\t\t\t\t<\/div>\n\t\t\t\t<div class=\"elementor-element elementor-element-294225b elementor-widget elementor-widget-text-editor\" data-id=\"294225b\" data-element_type=\"widget\" data-e-type=\"widget\" data-widget_type=\"text-editor.default\">\n\t\t\t\t<div class=\"elementor-widget-container\">\n\t\t\t\t\t\t\t\t\t<p style=\"text-align: center;\"><span data-sheets-value=\"{&quot;1&quot;:2,&quot;2&quot;:&quot;19:00h (GMT-3)&quot;}\" data-sheets-userformat=\"{&quot;2&quot;:14849,&quot;3&quot;:{&quot;1&quot;:0},&quot;12&quot;:0,&quot;14&quot;:{&quot;1&quot;:2,&quot;2&quot;:0},&quot;15&quot;:&quot;\\&quot;Times New Roman\\&quot;, serif&quot;,&quot;16&quot;:12}\">19:00h (GMT-3)<\/span><\/p>\t\t\t\t\t\t\t\t<\/div>\n\t\t\t\t<\/div>\n\t\t\t\t<div class=\"elementor-element elementor-element-54714ff elementor-widget elementor-widget-text-editor\" data-id=\"54714ff\" data-element_type=\"widget\" data-e-type=\"widget\" data-widget_type=\"text-editor.default\">\n\t\t\t\t<div class=\"elementor-widget-container\">\n\t\t\t\t\t\t\t\t\t<p><span data-sheets-value=\"{&quot;1&quot;:2,&quot;2&quot;:&quot;Apollo, man to the moon (1970, dir. Fernando Villaverde, Estados Unidos, 27\u2019 min)\\nTo my father (1973, dir. Mi\u00f1uca Villaverde, Estados Unidos, 22\u2019 min)\\nPoor Cinderella, still ironing her husband shirt (1978, dir. Mi\u00f1uca Villaverde, Estados Unidos, 7\u2019 min)\\nA Lady's Home Journal (1972, dir. Fernando Villaverde, 19\u2019 min)\\n&quot;}\" data-sheets-userformat=\"{&quot;2&quot;:15233,&quot;3&quot;:{&quot;1&quot;:0},&quot;10&quot;:0,&quot;11&quot;:4,&quot;12&quot;:0,&quot;14&quot;:{&quot;1&quot;:2,&quot;2&quot;:0},&quot;15&quot;:&quot;\\&quot;Times New Roman\\&quot;, serif&quot;,&quot;16&quot;:12}\">Apollo, man to the moon (1970, dir. Fernando Villaverde, Estados Unidos, 27\u2019 min)<br \/><\/span><\/p><p><span data-sheets-value=\"{&quot;1&quot;:2,&quot;2&quot;:&quot;Apollo, man to the moon (1970, dir. Fernando Villaverde, Estados Unidos, 27\u2019 min)\\nTo my father (1973, dir. Mi\u00f1uca Villaverde, Estados Unidos, 22\u2019 min)\\nPoor Cinderella, still ironing her husband shirt (1978, dir. Mi\u00f1uca Villaverde, Estados Unidos, 7\u2019 min)\\nA Lady's Home Journal (1972, dir. Fernando Villaverde, 19\u2019 min)\\n&quot;}\" data-sheets-userformat=\"{&quot;2&quot;:15233,&quot;3&quot;:{&quot;1&quot;:0},&quot;10&quot;:0,&quot;11&quot;:4,&quot;12&quot;:0,&quot;14&quot;:{&quot;1&quot;:2,&quot;2&quot;:0},&quot;15&quot;:&quot;\\&quot;Times New Roman\\&quot;, serif&quot;,&quot;16&quot;:12}\">To my father (1973, dir. Mi\u00f1uca Villaverde, Estados Unidos, 22\u2019 min)<br \/><\/span><\/p><p><span data-sheets-value=\"{&quot;1&quot;:2,&quot;2&quot;:&quot;Apollo, man to the moon (1970, dir. Fernando Villaverde, Estados Unidos, 27\u2019 min)\\nTo my father (1973, dir. Mi\u00f1uca Villaverde, Estados Unidos, 22\u2019 min)\\nPoor Cinderella, still ironing her husband shirt (1978, dir. Mi\u00f1uca Villaverde, Estados Unidos, 7\u2019 min)\\nA Lady's Home Journal (1972, dir. Fernando Villaverde, 19\u2019 min)\\n&quot;}\" data-sheets-userformat=\"{&quot;2&quot;:15233,&quot;3&quot;:{&quot;1&quot;:0},&quot;10&quot;:0,&quot;11&quot;:4,&quot;12&quot;:0,&quot;14&quot;:{&quot;1&quot;:2,&quot;2&quot;:0},&quot;15&quot;:&quot;\\&quot;Times New Roman\\&quot;, serif&quot;,&quot;16&quot;:12}\">Poor Cinderella, still ironing her husband shirt (1978, dir. Mi\u00f1uca Villaverde, Estados Unidos, 7\u2019 min)<br \/><\/span><\/p><p><span data-sheets-value=\"{&quot;1&quot;:2,&quot;2&quot;:&quot;Apollo, man to the moon (1970, dir. Fernando Villaverde, Estados Unidos, 27\u2019 min)\\nTo my father (1973, dir. Mi\u00f1uca Villaverde, Estados Unidos, 22\u2019 min)\\nPoor Cinderella, still ironing her husband shirt (1978, dir. Mi\u00f1uca Villaverde, Estados Unidos, 7\u2019 min)\\nA Lady's Home Journal (1972, dir. Fernando Villaverde, 19\u2019 min)\\n&quot;}\" data-sheets-userformat=\"{&quot;2&quot;:15233,&quot;3&quot;:{&quot;1&quot;:0},&quot;10&quot;:0,&quot;11&quot;:4,&quot;12&quot;:0,&quot;14&quot;:{&quot;1&quot;:2,&quot;2&quot;:0},&quot;15&quot;:&quot;\\&quot;Times New Roman\\&quot;, serif&quot;,&quot;16&quot;:12}\">A Lady&#8217;s Home Journal (1972, dir. Fernando Villaverde, 19\u2019 min)<br \/><\/span><\/p>\t\t\t\t\t\t\t\t<\/div>\n\t\t\t\t<\/div>\n\t\t\t\t\t<\/div>\n\t\t\t\t<\/div>\n\t\t<div class=\"elementor-element elementor-element-f2a6e37 e-flex e-con-boxed e-con e-parent\" data-id=\"f2a6e37\" data-element_type=\"container\" data-e-type=\"container\">\n\t\t\t\t\t<div class=\"e-con-inner\">\n\t\t\t\t<div class=\"elementor-element elementor-element-e96a4c7 elementor-widget-divider--view-line elementor-widget elementor-widget-divider\" data-id=\"e96a4c7\" data-element_type=\"widget\" data-e-type=\"widget\" data-widget_type=\"divider.default\">\n\t\t\t\t<div class=\"elementor-widget-container\">\n\t\t\t\t\t\t\t<div class=\"elementor-divider\">\n\t\t\t<span class=\"elementor-divider-separator\">\n\t\t\t\t\t\t<\/span>\n\t\t<\/div>\n\t\t\t\t\t\t<\/div>\n\t\t\t\t<\/div>\n\t\t\t\t\t<\/div>\n\t\t\t\t<\/div>\n\t\t<div class=\"elementor-element elementor-element-724f9ef e-grid e-con-boxed e-con e-parent\" data-id=\"724f9ef\" data-element_type=\"container\" data-e-type=\"container\">\n\t\t\t\t\t<div class=\"e-con-inner\">\n\t\t\t\t<div class=\"elementor-element elementor-element-d406f9f elementor-widget elementor-widget-text-editor\" data-id=\"d406f9f\" data-element_type=\"widget\" data-e-type=\"widget\" data-widget_type=\"text-editor.default\">\n\t\t\t\t<div class=\"elementor-widget-container\">\n\t\t\t\t\t\t\t\t\t<p style=\"text-align: left;\"><b>Sede<\/b>: <span data-sheets-value=\"{&quot;1&quot;:2,&quot;2&quot;:&quot;Centro Cultural General San Mart\u00edn\\n&quot;}\" data-sheets-userformat=\"{&quot;2&quot;:14977,&quot;3&quot;:{&quot;1&quot;:0},&quot;10&quot;:0,&quot;12&quot;:0,&quot;14&quot;:{&quot;1&quot;:2,&quot;2&quot;:0},&quot;15&quot;:&quot;\\&quot;Times New Roman\\&quot;, serif&quot;,&quot;16&quot;:12}\">Centro Cultural General San Mart\u00edn<br \/><\/span><\/p><p style=\"text-align: left;\"><b>Direcci\u00f3n<\/b>: <span data-sheets-value=\"{&quot;1&quot;:2,&quot;2&quot;:&quot;Centro Cultural General San Mart\u00edn, Sarmiento 1551, C1042 ABC, Buenos Aires, Argentina&quot;}\" data-sheets-userformat=\"{&quot;2&quot;:15171,&quot;3&quot;:{&quot;1&quot;:0},&quot;4&quot;:{&quot;1&quot;:2,&quot;2&quot;:16777215},&quot;9&quot;:0,&quot;11&quot;:4,&quot;12&quot;:0,&quot;14&quot;:{&quot;1&quot;:2,&quot;2&quot;:2105636},&quot;15&quot;:&quot;arial, sans-serif&quot;,&quot;16&quot;:11}\">Centro Cultural General San Mart\u00edn, Sarmiento 1551, C1042 ABC, Buenos Aires, Argentina<\/span><\/p>\t\t\t\t\t\t\t\t<\/div>\n\t\t\t\t<\/div>\n\t\t\t\t<div class=\"elementor-element elementor-element-e64a288 elementor-widget elementor-widget-text-editor\" data-id=\"e64a288\" data-element_type=\"widget\" data-e-type=\"widget\" data-widget_type=\"text-editor.default\">\n\t\t\t\t<div class=\"elementor-widget-container\">\n\t\t\t\t\t\t\t\t\t<p style=\"text-align: center;\"><span data-sheets-value=\"{&quot;1&quot;:2,&quot;2&quot;:&quot;21:00h (GMT-3)&quot;}\" data-sheets-userformat=\"{&quot;2&quot;:14849,&quot;3&quot;:{&quot;1&quot;:0},&quot;12&quot;:0,&quot;14&quot;:{&quot;1&quot;:2,&quot;2&quot;:0},&quot;15&quot;:&quot;\\&quot;Times New Roman\\&quot;, serif&quot;,&quot;16&quot;:12}\">21:00h (GMT-3)<\/span><\/p>\t\t\t\t\t\t\t\t<\/div>\n\t\t\t\t<\/div>\n\t\t\t\t<div class=\"elementor-element elementor-element-974ba94 elementor-widget elementor-widget-text-editor\" data-id=\"974ba94\" data-element_type=\"widget\" data-e-type=\"widget\" data-widget_type=\"text-editor.default\">\n\t\t\t\t<div class=\"elementor-widget-container\">\n\t\t\t\t\t\t\t\t\t<p><span data-sheets-value=\"{&quot;1&quot;:2,&quot;2&quot;:&quot;Las campa\u00f1as de invierno (2019, dir. Rafael Ram\u00edrez, Cuba-Venezuela-M\u00e9xico, 70\u2019 min)&quot;}\" data-sheets-userformat=\"{&quot;2&quot;:14985,&quot;3&quot;:{&quot;1&quot;:0},&quot;6&quot;:{&quot;1&quot;:[{&quot;1&quot;:2,&quot;2&quot;:0,&quot;5&quot;:{&quot;1&quot;:2,&quot;2&quot;:0}},{&quot;1&quot;:0,&quot;2&quot;:0,&quot;3&quot;:3},{&quot;1&quot;:1,&quot;2&quot;:0,&quot;4&quot;:2}]},&quot;10&quot;:0,&quot;12&quot;:0,&quot;14&quot;:{&quot;1&quot;:2,&quot;2&quot;:0},&quot;15&quot;:&quot;\\&quot;Times New Roman\\&quot;, serif&quot;,&quot;16&quot;:12}\">Las campa\u00f1as de invierno (2019, dir. Rafael Ram\u00edrez, Cuba-Venezuela-M\u00e9xico, 70\u2019 min)<\/span><\/p>\t\t\t\t\t\t\t\t<\/div>\n\t\t\t\t<\/div>\n\t\t\t\t\t<\/div>\n\t\t\t\t<\/div>\n\t\t<div class=\"elementor-element elementor-element-25951e7 e-flex e-con-boxed e-con e-parent\" data-id=\"25951e7\" data-element_type=\"container\" data-e-type=\"container\">\n\t\t\t\t\t<div class=\"e-con-inner\">\n\t\t\t\t<div class=\"elementor-element elementor-element-97330c2 elementor-widget__width-initial elementor-widget-divider--view-line elementor-widget elementor-widget-divider\" data-id=\"97330c2\" data-element_type=\"widget\" data-e-type=\"widget\" data-widget_type=\"divider.default\">\n\t\t\t\t<div class=\"elementor-widget-container\">\n\t\t\t\t\t\t\t<div class=\"elementor-divider\">\n\t\t\t<span class=\"elementor-divider-separator\">\n\t\t\t\t\t\t<\/span>\n\t\t<\/div>\n\t\t\t\t\t\t<\/div>\n\t\t\t\t<\/div>\n\t\t\t\t\t<\/div>\n\t\t\t\t<\/div>\n\t\t<div class=\"elementor-element elementor-element-7b986e5 e-con-full e-flex e-con e-parent\" data-id=\"7b986e5\" data-element_type=\"container\" data-e-type=\"container\">\n\t\t<div class=\"elementor-element elementor-element-89eb550 e-con-full e-flex e-con e-child\" data-id=\"89eb550\" data-element_type=\"container\" data-e-type=\"container\">\n\t\t<div class=\"elementor-element elementor-element-31ccc79 e-con-full e-transform e-flex e-con e-child\" data-id=\"31ccc79\" data-element_type=\"container\" data-e-type=\"container\" data-settings=\"{&quot;_transform_scale_effect_hover&quot;:{&quot;unit&quot;:&quot;px&quot;,&quot;size&quot;:1.05,&quot;sizes&quot;:[]},&quot;_transform_scale_effect_hover_laptop&quot;:{&quot;unit&quot;:&quot;px&quot;,&quot;size&quot;:&quot;&quot;,&quot;sizes&quot;:[]},&quot;_transform_scale_effect_hover_tablet&quot;:{&quot;unit&quot;:&quot;px&quot;,&quot;size&quot;:&quot;&quot;,&quot;sizes&quot;:[]},&quot;_transform_scale_effect_hover_mobile&quot;:{&quot;unit&quot;:&quot;px&quot;,&quot;size&quot;:&quot;&quot;,&quot;sizes&quot;:[]}}\">\n\t\t<div class=\"elementor-element elementor-element-afd7a4c e-con-full e-flex e-con e-child\" data-id=\"afd7a4c\" data-element_type=\"container\" data-e-type=\"container\">\n\t\t\t\t<div class=\"elementor-element elementor-element-f2802ad elementor-widget elementor-widget-text-editor\" data-id=\"f2802ad\" data-element_type=\"widget\" data-e-type=\"widget\" data-widget_type=\"text-editor.default\">\n\t\t\t\t<div class=\"elementor-widget-container\">\n\t\t\t\t\t\t\t\t\t<a href=\"https:\/\/2023.festivaldecineinstar.com\/fichas-peliculas\/8-diciembre\/\" class=\"custom-link\">\n  <span style=\"font-weight: 400;\">Pr\u00f3ximo d\u00eda<\/span>\n<\/a>\n\n<style>\n  .custom-link {\n    text-decoration: none;\n    color: black; \/* Starting black color *\/\n  }\n\n  .custom-link:hover {\n    font-weight: bold;\n    color: #FF0000; \/* Red when hovered *\/\n  }\n<\/style>\t\t\t\t\t\t\t\t<\/div>\n\t\t\t\t<\/div>\n\t\t\t\t<\/div>\n\t\t<div class=\"elementor-element elementor-element-7a87244 e-con-full e-flex e-con e-child\" data-id=\"7a87244\" data-element_type=\"container\" data-e-type=\"container\">\n\t\t\t\t<div class=\"elementor-element elementor-element-ca098e8 elementor-widget elementor-widget-image\" data-id=\"ca098e8\" data-element_type=\"widget\" data-e-type=\"widget\" data-widget_type=\"image.default\">\n\t\t\t\t<div class=\"elementor-widget-container\">\n\t\t\t\t\t\t\t\t\t\t\t\t\t\t\t<img decoding=\"async\" width=\"281\" height=\"46\" src=\"https:\/\/2023.festivaldecineinstar.com\/wp-content\/uploads\/2023\/10\/FLECHA-ROJA-1.png\" class=\"attachment-large size-large wp-image-1581\" alt=\"\" \/>\t\t\t\t\t\t\t\t\t\t\t\t\t\t\t<\/div>\n\t\t\t\t<\/div>\n\t\t\t\t<\/div>\n\t\t\t\t<\/div>\n\t\t\t\t<\/div>\n\t\t<div class=\"elementor-element elementor-element-f30b2c0 e-con-full e-flex e-con e-child\" data-id=\"f30b2c0\" data-element_type=\"container\" data-e-type=\"container\">\n\t\t\t\t<div class=\"elementor-element elementor-element-1c8e62a elementor-widget elementor-widget-text-editor\" data-id=\"1c8e62a\" data-element_type=\"widget\" data-e-type=\"widget\" data-widget_type=\"text-editor.default\">\n\t\t\t\t<div class=\"elementor-widget-container\">\n\t\t\t\t\t\t\t\t\t<p style=\"text-align: right;\">8 de diciembre<\/p>\t\t\t\t\t\t\t\t<\/div>\n\t\t\t\t<\/div>\n\t\t\t\t<\/div>\n\t\t\t\t<\/div>\n\t\t\t\t<\/div>\n\t\t","protected":false},"excerpt":{"rendered":"<p>Calendario 07 de diciembre Ciudad de M\u00e9xico Laboratorio Arte Alameda Sede: Laboratorio Arte Alameda Direcci\u00f3n: Calle Dr Mora 7, Colonia Centro, Centro, Cuauht\u00e9moc, 06050 Ciudad de M\u00e9xico, CDMX, M\u00e9xico 10:00h (GMT-6) Los puros (2021, dir. Carla Vald\u00e9s, Cuba, 18\u2019 min) Ventanas (2022, dir. Jhon Ciavaldini, Argentina-Venezuela, 17\u2019 min) Veritas (2022, dir. Eliecer Jim\u00e9nez Almeida, Cuba-Estados [&hellip;]<\/p>\n","protected":false},"author":1,"featured_media":0,"comment_status":"closed","ping_status":"closed","sticky":false,"template":"","format":"standard","meta":{"site-sidebar-layout":"default","site-content-layout":"","ast-site-content-layout":"default","site-content-style":"default","site-sidebar-style":"default","ast-global-header-display":"","ast-banner-title-visibility":"","ast-main-header-display":"","ast-hfb-above-header-display":"","ast-hfb-below-header-display":"","ast-hfb-mobile-header-display":"","site-post-title":"disabled","ast-breadcrumbs-content":"","ast-featured-img":"","footer-sml-layout":"","ast-disable-related-posts":"","theme-transparent-header-meta":"","adv-header-id-meta":"","stick-header-meta":"","header-above-stick-meta":"","header-main-stick-meta":"","header-below-stick-meta":"","astra-migrate-meta-layouts":"","ast-page-background-enabled":"default","ast-page-background-meta":{"desktop":{"background-color":"var(--ast-global-color-4)","background-image":"","background-repeat":"repeat","background-position":"center center","background-size":"auto","background-attachment":"scroll","background-type":"","background-media":"","overlay-type":"","overlay-color":"","overlay-opacity":"","overlay-gradient":""},"tablet":{"background-color":"","background-image":"","background-repeat":"repeat","background-position":"center center","background-size":"auto","background-attachment":"scroll","background-type":"","background-media":"","overlay-type":"","overlay-color":"","overlay-opacity":"","overlay-gradient":""},"mobile":{"background-color":"","background-image":"","background-repeat":"repeat","background-position":"center center","background-size":"auto","background-attachment":"scroll","background-type":"","background-media":"","overlay-type":"","overlay-color":"","overlay-opacity":"","overlay-gradient":""}},"ast-content-background-meta":{"desktop":{"background-color":"var(--ast-global-color-5)","background-image":"","background-repeat":"repeat","background-position":"center center","background-size":"auto","background-attachment":"scroll","background-type":"","background-media":"","overlay-type":"","overlay-color":"","overlay-opacity":"","overlay-gradient":""},"tablet":{"background-color":"var(--ast-global-color-5)","background-image":"","background-repeat":"repeat","background-position":"center center","background-size":"auto","background-attachment":"scroll","background-type":"","background-media":"","overlay-type":"","overlay-color":"","overlay-opacity":"","overlay-gradient":""},"mobile":{"background-color":"var(--ast-global-color-5)","background-image":"","background-repeat":"repeat","background-position":"center center","background-size":"auto","background-attachment":"scroll","background-type":"","background-media":"","overlay-type":"","overlay-color":"","overlay-opacity":"","overlay-gradient":""}},"footnotes":""},"categories":[7],"tags":[],"class_list":["post-3033","post","type-post","status-publish","format-standard","hentry","category-fichas-peliculas"],"_links":{"self":[{"href":"https:\/\/2023.festivaldecineinstar.com\/en\/wp-json\/wp\/v2\/posts\/3033","targetHints":{"allow":["GET"]}}],"collection":[{"href":"https:\/\/2023.festivaldecineinstar.com\/en\/wp-json\/wp\/v2\/posts"}],"about":[{"href":"https:\/\/2023.festivaldecineinstar.com\/en\/wp-json\/wp\/v2\/types\/post"}],"author":[{"embeddable":true,"href":"https:\/\/2023.festivaldecineinstar.com\/en\/wp-json\/wp\/v2\/users\/1"}],"replies":[{"embeddable":true,"href":"https:\/\/2023.festivaldecineinstar.com\/en\/wp-json\/wp\/v2\/comments?post=3033"}],"version-history":[{"count":45,"href":"https:\/\/2023.festivaldecineinstar.com\/en\/wp-json\/wp\/v2\/posts\/3033\/revisions"}],"predecessor-version":[{"id":7019,"href":"https:\/\/2023.festivaldecineinstar.com\/en\/wp-json\/wp\/v2\/posts\/3033\/revisions\/7019"}],"wp:attachment":[{"href":"https:\/\/2023.festivaldecineinstar.com\/en\/wp-json\/wp\/v2\/media?parent=3033"}],"wp:term":[{"taxonomy":"category","embeddable":true,"href":"https:\/\/2023.festivaldecineinstar.com\/en\/wp-json\/wp\/v2\/categories?post=3033"},{"taxonomy":"post_tag","embeddable":true,"href":"https:\/\/2023.festivaldecineinstar.com\/en\/wp-json\/wp\/v2\/tags?post=3033"}],"curies":[{"name":"wp","href":"https:\/\/api.w.org\/{rel}","templated":true}]}}