{"id":7303,"date":"2023-11-28T17:45:10","date_gmt":"2023-11-28T17:45:10","guid":{"rendered":"https:\/\/2023.festivaldecineinstar.com\/?p=7303"},"modified":"2023-12-03T22:36:59","modified_gmt":"2023-12-03T22:36:59","slug":"seis-proyectos","status":"publish","type":"post","link":"https:\/\/2023.festivaldecineinstar.com\/en\/seis-proyectos\/","title":{"rendered":"Seis proyectos"},"content":{"rendered":"\t\t<div data-elementor-type=\"wp-post\" data-elementor-id=\"7303\" class=\"elementor elementor-7303\" data-elementor-post-type=\"post\">\n\t\t\t\t<div class=\"elementor-element elementor-element-69cec2e e-flex e-con-boxed e-con e-parent\" data-id=\"69cec2e\" data-element_type=\"container\" data-e-type=\"container\">\n\t\t\t\t\t<div class=\"e-con-inner\">\n\t\t\t\t<div class=\"elementor-element elementor-element-94744fa elementor-widget elementor-widget-spacer\" data-id=\"94744fa\" data-element_type=\"widget\" data-e-type=\"widget\" data-widget_type=\"spacer.default\">\n\t\t\t\t<div class=\"elementor-widget-container\">\n\t\t\t\t\t\t\t<div class=\"elementor-spacer\">\n\t\t\t<div class=\"elementor-spacer-inner\"><\/div>\n\t\t<\/div>\n\t\t\t\t\t\t<\/div>\n\t\t\t\t<\/div>\n\t\t\t\t\t<\/div>\n\t\t\t\t<\/div>\n\t\t<div class=\"elementor-element elementor-element-21f4b9b e-flex e-con-boxed e-con e-parent\" data-id=\"21f4b9b\" data-element_type=\"container\" data-e-type=\"container\">\n\t\t\t\t\t<div class=\"e-con-inner\">\n\t\t\t\t<div class=\"elementor-element elementor-element-e783315 elementor-widget__width-inherit elementor-widget elementor-widget-heading\" data-id=\"e783315\" data-element_type=\"widget\" data-e-type=\"widget\" data-widget_type=\"heading.default\">\n\t\t\t\t<div class=\"elementor-widget-container\">\n\t\t\t\t\t<h2 class=\"elementor-heading-title elementor-size-default\">Seis proyectos del cine cubano independiente reciben los Premios PM 2023 del Instituto Internacional de Artivismo \u201cHannah Arendt\u201d<\/h2>\t\t\t\t<\/div>\n\t\t\t\t<\/div>\n\t\t\t\t\t<\/div>\n\t\t\t\t<\/div>\n\t\t<div class=\"elementor-element elementor-element-a135d03 e-flex e-con-boxed e-con e-parent\" data-id=\"a135d03\" data-element_type=\"container\" data-e-type=\"container\">\n\t\t\t\t\t<div class=\"e-con-inner\">\n\t\t\t\t<div class=\"elementor-element elementor-element-ef4cb25 elementor-widget__width-inherit elementor-widget elementor-widget-text-editor\" data-id=\"ef4cb25\" data-element_type=\"widget\" data-e-type=\"widget\" data-widget_type=\"text-editor.default\">\n\t\t\t\t<div class=\"elementor-widget-container\">\n\t\t\t\t\t\t\t\t\t<p>Por RIALTA STAFF &#8211; 27 octubre, 2023<\/p>\t\t\t\t\t\t\t\t<\/div>\n\t\t\t\t<\/div>\n\t\t\t\t\t<\/div>\n\t\t\t\t<\/div>\n\t\t<div class=\"elementor-element elementor-element-dbe32ea e-flex e-con-boxed e-con e-parent\" data-id=\"dbe32ea\" data-element_type=\"container\" data-e-type=\"container\">\n\t\t\t\t\t<div class=\"e-con-inner\">\n\t\t\t\t<div class=\"elementor-element elementor-element-0bfc202 elementor-widget__width-inherit elementor-widget elementor-widget-text-editor\" data-id=\"0bfc202\" data-element_type=\"widget\" data-e-type=\"widget\" data-widget_type=\"text-editor.default\">\n\t\t\t\t<div class=\"elementor-widget-container\">\n\t\t\t\t\t\t\t\t\t<p style=\"text-align: center;\"><strong>RIALTA<\/strong><\/p>\t\t\t\t\t\t\t\t<\/div>\n\t\t\t\t<\/div>\n\t\t\t\t\t<\/div>\n\t\t\t\t<\/div>\n\t\t<div class=\"elementor-element elementor-element-e8db727 e-flex e-con-boxed e-con e-parent\" data-id=\"e8db727\" data-element_type=\"container\" data-e-type=\"container\">\n\t\t\t\t\t<div class=\"e-con-inner\">\n\t\t\t\t<div class=\"elementor-element elementor-element-1f6c400 elementor-widget__width-initial elementor-widget elementor-widget-image\" data-id=\"1f6c400\" data-element_type=\"widget\" data-e-type=\"widget\" data-widget_type=\"image.default\">\n\t\t\t\t<div class=\"elementor-widget-container\">\n\t\t\t\t\t\t\t\t\t\t\t\t<figure class=\"wp-caption\">\n\t\t\t\t\t\t\t\t\t\t<img fetchpriority=\"high\" decoding=\"async\" width=\"768\" height=\"481\" src=\"https:\/\/2023.festivaldecineinstar.com\/wp-content\/uploads\/2023\/11\/SEIS-PROYECTOS.jpg\" class=\"attachment-large size-large wp-image-7306\" alt=\"\" srcset=\"https:\/\/2023.festivaldecineinstar.com\/wp-content\/uploads\/2023\/11\/SEIS-PROYECTOS.jpg 768w, https:\/\/2023.festivaldecineinstar.com\/wp-content\/uploads\/2023\/11\/SEIS-PROYECTOS-300x188.jpg 300w, https:\/\/2023.festivaldecineinstar.com\/wp-content\/uploads\/2023\/11\/SEIS-PROYECTOS-18x12.jpg 18w\" sizes=\"(max-width: 768px) 100vw, 768px\" \/>\t\t\t\t\t\t\t\t\t\t\t<figcaption class=\"widget-image-caption wp-caption-text\">Detalle del cartel (en los Premios PM) del cortometraje en producci\u00f3n \"La historia se escribe de noche\", de Alejandro Alonso (IMAGEN Facebook\/Instituto Internacional de Artivismo \"Hannah Arendt\")<\/figcaption>\n\t\t\t\t\t\t\t\t\t\t<\/figure>\n\t\t\t\t\t\t\t\t\t<\/div>\n\t\t\t\t<\/div>\n\t\t\t\t\t<\/div>\n\t\t\t\t<\/div>\n\t\t<div class=\"elementor-element elementor-element-edd3d1b e-flex e-con-boxed e-con e-parent\" data-id=\"edd3d1b\" data-element_type=\"container\" data-e-type=\"container\">\n\t\t\t\t\t<div class=\"e-con-inner\">\n\t\t\t\t<div class=\"elementor-element elementor-element-cc6d179 elementor-widget elementor-widget-spacer\" data-id=\"cc6d179\" data-element_type=\"widget\" data-e-type=\"widget\" data-widget_type=\"spacer.default\">\n\t\t\t\t<div class=\"elementor-widget-container\">\n\t\t\t\t\t\t\t<div class=\"elementor-spacer\">\n\t\t\t<div class=\"elementor-spacer-inner\"><\/div>\n\t\t<\/div>\n\t\t\t\t\t\t<\/div>\n\t\t\t\t<\/div>\n\t\t\t\t\t<\/div>\n\t\t\t\t<\/div>\n\t\t<div class=\"elementor-element elementor-element-ef3c000 e-flex e-con-boxed e-con e-parent\" data-id=\"ef3c000\" data-element_type=\"container\" data-e-type=\"container\">\n\t\t\t\t\t<div class=\"e-con-inner\">\n\t\t\t\t<div class=\"elementor-element elementor-element-ca846bb elementor-widget elementor-widget-text-editor\" data-id=\"ca846bb\" data-element_type=\"widget\" data-e-type=\"widget\" data-widget_type=\"text-editor.default\">\n\t\t\t\t<div class=\"elementor-widget-container\">\n\t\t\t\t\t\t\t\t\t<p>Los\u00a0<a href=\"https:\/\/rialta.org\/instar-inscripciones-premios-pm-cine-cubano-censura\/\" target=\"_blank\" rel=\"noopener\">Premios PM 2023<\/a>, que entrega el Instituto Internacional de Artivismo \u201cHannah Arendt\u201d (INSTAR), distinguieron seis proyectos audiovisuales cubanos en tres categor\u00edas \u2013postproducci\u00f3n de cortos y largometrajes, y distribuci\u00f3n\u2013 entre un total de 34 propuestas.<\/p><p>As\u00ed lo hizo saber a trav\u00e9s de redes sociales la artista cubana\u00a0<a href=\"https:\/\/rialta.org\/tania-bruguera-presenta-magnitud-11-9-en-chile-pese-a-la-polemica-generada-por-las-izquierdas-mas-conservadoras\/\" target=\"_blank\" rel=\"noopener\">Tania Bruguera<\/a>, cabeza visible de INSTAR, quien se\u00f1al\u00f3 que la participaci\u00f3n en esta edici\u00f3n m\u00e1s que duplic\u00f3 las de a\u00f1os anteriores.<\/p><p>Por unanimidad, el jurado \u2013compuesto por el artista visual y activista venezolano Javier T\u00e9llez, el realizador cubano\u00a0<a href=\"https:\/\/rialta.org\/author\/rafael-ramirez\/\" target=\"_blank\" rel=\"noopener\">Rafael Ram\u00edrez<\/a>\u00a0y su colega nicarag\u00fcense Gloria Carri\u00f3n\u2013decidi\u00f3 premiar en el apartado de producci\u00f3n de cortometrajes (20 inscriptos), con una dotaci\u00f3n de cinco mil d\u00f3lares para cada uno, los siguientes proyectos: \u201cLa historia se escribe de noche\u201d, de\u00a0<a href=\"https:\/\/rialta.org\/alejandro-alonso-gana-el-coral-a-mejor-corto-documental-con-abisal-en-la-habana\/\" target=\"_blank\" rel=\"noopener\">Alejandro Alonso<\/a>, y \u201cLa presa\u201d, de Manuel Ojeda.<\/p><p>En la categor\u00eda de postproducci\u00f3n de largometraje, que aporta siete mil d\u00f3lares en cada caso, fueron seleccionados \u201cFamilia en movimiento\u201d, de Aminta de C\u00e1rdenas y Helman Avelle, as\u00ed como \u201cCuba y la noche\u201d, de Sergio Fern\u00e1ndez Borr\u00e1s.<\/p><p>El fondo para distribuci\u00f3n (mil 500 d\u00f3lares) beneficiar\u00e1 a \u201cLa culpa fue de la salamandra\u201d, de Yary Guirado, y \u201cSouvenir\u201d, de\u00a0<a href=\"https:\/\/rialta.org\/author\/heidi-hassan\/\" target=\"_blank\" rel=\"noopener\">Heidi Hassan<\/a>.<\/p>\t\t\t\t\t\t\t\t<\/div>\n\t\t\t\t<\/div>\n\t\t\t\t\t<\/div>\n\t\t\t\t<\/div>\n\t\t<div class=\"elementor-element elementor-element-2a70062 e-con-full e-flex e-con e-parent\" data-id=\"2a70062\" data-element_type=\"container\" data-e-type=\"container\">\n\t\t\t\t<div class=\"elementor-element elementor-element-8e07ea0 elementor-widget__width-initial elementor-widget-mobile__width-initial elementor-widget elementor-widget-facebook-embed\" data-id=\"8e07ea0\" data-element_type=\"widget\" data-e-type=\"widget\" data-widget_type=\"facebook-embed.default\">\n\t\t\t\t<div class=\"elementor-widget-container\">\n\t\t\t\t\t<div style=\"min-height: 1px\" class=\"elementor-facebook-widget fb-post\" data-href=\"https:\/\/www.facebook.com\/instarCuba\/posts\/758448596295263?ref=embed_post\" data-show-text=\"true\"><\/div>\t\t\t\t<\/div>\n\t\t\t\t<\/div>\n\t\t\t\t<\/div>\n\t\t<div class=\"elementor-element elementor-element-9ff03eb e-flex e-con-boxed e-con e-parent\" data-id=\"9ff03eb\" data-element_type=\"container\" data-e-type=\"container\">\n\t\t\t\t\t<div class=\"e-con-inner\">\n\t\t\t\t<div class=\"elementor-element elementor-element-2d9c9ff elementor-widget elementor-widget-spacer\" data-id=\"2d9c9ff\" data-element_type=\"widget\" data-e-type=\"widget\" data-widget_type=\"spacer.default\">\n\t\t\t\t<div class=\"elementor-widget-container\">\n\t\t\t\t\t\t\t<div class=\"elementor-spacer\">\n\t\t\t<div class=\"elementor-spacer-inner\"><\/div>\n\t\t<\/div>\n\t\t\t\t\t\t<\/div>\n\t\t\t\t<\/div>\n\t\t\t\t\t<\/div>\n\t\t\t\t<\/div>\n\t\t<div class=\"elementor-element elementor-element-9a47dba e-flex e-con-boxed e-con e-parent\" data-id=\"9a47dba\" data-element_type=\"container\" data-e-type=\"container\">\n\t\t\t\t\t<div class=\"e-con-inner\">\n\t\t\t\t<div class=\"elementor-element elementor-element-c4c3539 elementor-widget elementor-widget-text-editor\" data-id=\"c4c3539\" data-element_type=\"widget\" data-e-type=\"widget\" data-widget_type=\"text-editor.default\">\n\t\t\t\t<div class=\"elementor-widget-container\">\n\t\t\t\t\t\t\t\t\t<p>M\u00e1s all\u00e1 del reconocimiento de los cineastas cubanos al fondo aportado por INSTAR, dijo Bruguera, la creciente participaci\u00f3n en esta convocatoria de los Premios PM \u201csubraya la importancia de expandir [el] apoyo a su trabajo, en muchas ocasiones realizado en condiciones de extrema precariedad y sin apoyo institucional de su pa\u00eds de origen\u201d.<\/p><p>\u201cAdem\u00e1s demuestra la perseverancia de estos artistas, en medio de las dificultades, para seguir creando, ya sea dentro de Cuba o en cualquier rinc\u00f3n del exilio\u201d, agreg\u00f3 la reconocida\u00a0<em>performer\u00a0<\/em>cubana. \u201cNos comprometemos a crear nuevas oportunidades y espacios para los cineastas cubanos y sus pel\u00edculas\u201d.<\/p>\t\t\t\t\t\t\t\t<\/div>\n\t\t\t\t<\/div>\n\t\t\t\t\t<\/div>\n\t\t\t\t<\/div>\n\t\t<div class=\"elementor-element elementor-element-091089c e-flex e-con-boxed e-con e-parent\" data-id=\"091089c\" data-element_type=\"container\" data-e-type=\"container\">\n\t\t\t\t\t<div class=\"e-con-inner\">\n\t\t\t\t<div class=\"elementor-element elementor-element-0eda2a8 elementor-widget__width-initial elementor-widget elementor-widget-facebook-embed\" data-id=\"0eda2a8\" data-element_type=\"widget\" data-e-type=\"widget\" data-widget_type=\"facebook-embed.default\">\n\t\t\t\t<div class=\"elementor-widget-container\">\n\t\t\t\t\t<div style=\"min-height: 1px\" class=\"elementor-facebook-widget fb-video\" data-href=\"https:\/\/www.facebook.com\/instarCuba\/videos\/6200427193390618\" data-show-text=\"false\" data-allowfullscreen=\"false\" data-autoplay=\"false\" data-show-captions=\"false\"><\/div>\t\t\t\t<\/div>\n\t\t\t\t<\/div>\n\t\t\t\t\t<\/div>\n\t\t\t\t<\/div>\n\t\t<div class=\"elementor-element elementor-element-bbce5c9 e-flex e-con-boxed e-con e-parent\" data-id=\"bbce5c9\" data-element_type=\"container\" data-e-type=\"container\">\n\t\t\t\t\t<div class=\"e-con-inner\">\n\t\t\t\t<div class=\"elementor-element elementor-element-f429951 elementor-widget elementor-widget-spacer\" data-id=\"f429951\" data-element_type=\"widget\" data-e-type=\"widget\" data-widget_type=\"spacer.default\">\n\t\t\t\t<div class=\"elementor-widget-container\">\n\t\t\t\t\t\t\t<div class=\"elementor-spacer\">\n\t\t\t<div class=\"elementor-spacer-inner\"><\/div>\n\t\t<\/div>\n\t\t\t\t\t\t<\/div>\n\t\t\t\t<\/div>\n\t\t\t\t\t<\/div>\n\t\t\t\t<\/div>\n\t\t<div class=\"elementor-element elementor-element-889706f e-flex e-con-boxed e-con e-parent\" data-id=\"889706f\" data-element_type=\"container\" data-e-type=\"container\">\n\t\t\t\t\t<div class=\"e-con-inner\">\n\t\t\t\t<div class=\"elementor-element elementor-element-11990b0 elementor-widget elementor-widget-text-editor\" data-id=\"11990b0\" data-element_type=\"widget\" data-e-type=\"widget\" data-widget_type=\"text-editor.default\">\n\t\t\t\t<div class=\"elementor-widget-container\">\n\t\t\t\t\t\t\t\t\t<p>Por su parte, los miembros del jurado definieron estos galardones como \u201cuna herramienta fundamental para la creaci\u00f3n de un cine cubano plural y capaz de dialogar con otras manifestaciones cinematogr\u00e1ficas a nivel global\u201d.<\/p><p>En opini\u00f3n de los evaluadores, la mayor\u00eda de propuestas concursantes \u201cdestacan por su diversidad, calidad art\u00edstica y cinematogr\u00e1fica, as\u00ed como por la complejidad de sus reflexiones sobre el contexto pol\u00edtico y social\u201d. Asimismo, sostuvieron, estas \u201cdemuestran la resiliencia, la creatividad y el dinamismo de los cineastas cubanos\u201d.<\/p><p>\u00a0\u201cLa relevancia de sus mensajes y la originalidad de sus enfoques cinematogr\u00e1ficos reflejan una comunidad de artistas profundamente comprometida en narrar sus historias a pesar de los desaf\u00edos que algunos de ellos enfrentan, como el exilio, la persecuci\u00f3n pol\u00edtica y la represi\u00f3n estatal\u201d, reza finalmente el acta del jurado.<\/p><p>Adicionalmente, Rafael Ram\u00edrez se comprometi\u00f3 a asesorar el proyecto \u201cLos fil\u00f3sofos\u201d, de Day\u00e1n Noa, mientras que Gloria Carri\u00f3n har\u00e1 lo mismo con tres futuras pel\u00edculas: \u201cFamilia, isla\u201d, de\u00a0<a href=\"https:\/\/rialta.org\/abraham-jimenez-enoa-periodista-ano-cumbre-one-young-world\/\" target=\"_blank\" rel=\"noopener\">Abraham Jim\u00e9nez<\/a>\u00a0y Claudia Calvi\u00f1o; \u201cRancor\u201d, de Carlos Alejandro Halley, y \u201cAntropoceno\u201d, de Marcos A. Iglesias Ravelo.<\/p>\t\t\t\t\t\t\t\t<\/div>\n\t\t\t\t<\/div>\n\t\t\t\t\t<\/div>\n\t\t\t\t<\/div>\n\t\t<div class=\"elementor-element elementor-element-cd8112d e-flex e-con-boxed e-con e-parent\" data-id=\"cd8112d\" data-element_type=\"container\" data-e-type=\"container\">\n\t\t\t\t\t<div class=\"e-con-inner\">\n\t\t\t\t<div class=\"elementor-element elementor-element-ede3619 elementor-widget elementor-widget-spacer\" data-id=\"ede3619\" data-element_type=\"widget\" data-e-type=\"widget\" data-widget_type=\"spacer.default\">\n\t\t\t\t<div class=\"elementor-widget-container\">\n\t\t\t\t\t\t\t<div class=\"elementor-spacer\">\n\t\t\t<div class=\"elementor-spacer-inner\"><\/div>\n\t\t<\/div>\n\t\t\t\t\t\t<\/div>\n\t\t\t\t<\/div>\n\t\t\t\t\t<\/div>\n\t\t\t\t<\/div>\n\t\t<div class=\"elementor-element elementor-element-4df2814f e-flex e-con-boxed e-con e-parent\" data-id=\"4df2814f\" data-element_type=\"container\" data-e-type=\"container\">\n\t\t\t\t\t<div class=\"e-con-inner\">\n\t\t\t\t<div class=\"elementor-element elementor-element-28d490ee elementor-widget__width-initial elementor-widget elementor-widget-text-editor\" data-id=\"28d490ee\" data-element_type=\"widget\" data-e-type=\"widget\" data-widget_type=\"text-editor.default\">\n\t\t\t\t<div class=\"elementor-widget-container\">\n\t\t\t\t\t\t\t\t\t<p style=\"text-align: center;\">Puedes leer la nota original<a href=\"https:\/\/rialta.org\/cine-cubano-independiente-premios-pm-instituto-internacional-artivismo-hannah-arendt\/\"\n   onmouseover=\"this.style.color='#D0121E'; this.style.fontWeight='bold';\"\n   onmouseout=\"if (!this.hasBeenClicked) { this.style.color='#D0121E'; this.style.fontWeight='normal'; }\"\n   onclick=\"this.style.color='black'; this.style.fontWeight='normal'; this.hasBeenClicked = true; return true;\"\n>\n  aqu\u00ed\n<\/a>\t\t\t\t\t\t\t\t<\/div>\n\t\t\t\t<\/div>\n\t\t\t\t\t<\/div>\n\t\t\t\t<\/div>\n\t\t\t\t<\/div>\n\t\t","protected":false},"excerpt":{"rendered":"<p>Seis proyectos del cine cubano independiente reciben los Premios PM 2023 del Instituto Internacional de Artivismo \u201cHannah Arendt\u201d Por RIALTA STAFF &#8211; 27 octubre, 2023 RIALTA Detalle del cartel (en los Premios PM) del cortometraje en producci\u00f3n &#8220;La historia se escribe de noche&#8221;, de Alejandro Alonso (IMAGEN Facebook\/Instituto Internacional de Artivismo &#8220;Hannah Arendt&#8221;) Los\u00a0Premios PM [&hellip;]<\/p>\n","protected":false},"author":1,"featured_media":0,"comment_status":"closed","ping_status":"closed","sticky":false,"template":"","format":"standard","meta":{"site-sidebar-layout":"default","site-content-layout":"","ast-site-content-layout":"default","site-content-style":"default","site-sidebar-style":"default","ast-global-header-display":"","ast-banner-title-visibility":"","ast-main-header-display":"","ast-hfb-above-header-display":"","ast-hfb-below-header-display":"","ast-hfb-mobile-header-display":"","site-post-title":"disabled","ast-breadcrumbs-content":"","ast-featured-img":"","footer-sml-layout":"","ast-disable-related-posts":"","theme-transparent-header-meta":"","adv-header-id-meta":"","stick-header-meta":"","header-above-stick-meta":"","header-main-stick-meta":"","header-below-stick-meta":"","astra-migrate-meta-layouts":"","ast-page-background-enabled":"default","ast-page-background-meta":{"desktop":{"background-color":"var(--ast-global-color-4)","background-image":"","background-repeat":"repeat","background-position":"center center","background-size":"auto","background-attachment":"scroll","background-type":"","background-media":"","overlay-type":"","overlay-color":"","overlay-opacity":"","overlay-gradient":""},"tablet":{"background-color":"","background-image":"","background-repeat":"repeat","background-position":"center center","background-size":"auto","background-attachment":"scroll","background-type":"","background-media":"","overlay-type":"","overlay-color":"","overlay-opacity":"","overlay-gradient":""},"mobile":{"background-color":"","background-image":"","background-repeat":"repeat","background-position":"center center","background-size":"auto","background-attachment":"scroll","background-type":"","background-media":"","overlay-type":"","overlay-color":"","overlay-opacity":"","overlay-gradient":""}},"ast-content-background-meta":{"desktop":{"background-color":"var(--ast-global-color-5)","background-image":"","background-repeat":"repeat","background-position":"center center","background-size":"auto","background-attachment":"scroll","background-type":"","background-media":"","overlay-type":"","overlay-color":"","overlay-opacity":"","overlay-gradient":""},"tablet":{"background-color":"var(--ast-global-color-5)","background-image":"","background-repeat":"repeat","background-position":"center center","background-size":"auto","background-attachment":"scroll","background-type":"","background-media":"","overlay-type":"","overlay-color":"","overlay-opacity":"","overlay-gradient":""},"mobile":{"background-color":"var(--ast-global-color-5)","background-image":"","background-repeat":"repeat","background-position":"center center","background-size":"auto","background-attachment":"scroll","background-type":"","background-media":"","overlay-type":"","overlay-color":"","overlay-opacity":"","overlay-gradient":""}},"footnotes":""},"categories":[25],"tags":[],"class_list":["post-7303","post","type-post","status-publish","format-standard","hentry","category-notas"],"_links":{"self":[{"href":"https:\/\/2023.festivaldecineinstar.com\/en\/wp-json\/wp\/v2\/posts\/7303","targetHints":{"allow":["GET"]}}],"collection":[{"href":"https:\/\/2023.festivaldecineinstar.com\/en\/wp-json\/wp\/v2\/posts"}],"about":[{"href":"https:\/\/2023.festivaldecineinstar.com\/en\/wp-json\/wp\/v2\/types\/post"}],"author":[{"embeddable":true,"href":"https:\/\/2023.festivaldecineinstar.com\/en\/wp-json\/wp\/v2\/users\/1"}],"replies":[{"embeddable":true,"href":"https:\/\/2023.festivaldecineinstar.com\/en\/wp-json\/wp\/v2\/comments?post=7303"}],"version-history":[{"count":19,"href":"https:\/\/2023.festivaldecineinstar.com\/en\/wp-json\/wp\/v2\/posts\/7303\/revisions"}],"predecessor-version":[{"id":7641,"href":"https:\/\/2023.festivaldecineinstar.com\/en\/wp-json\/wp\/v2\/posts\/7303\/revisions\/7641"}],"wp:attachment":[{"href":"https:\/\/2023.festivaldecineinstar.com\/en\/wp-json\/wp\/v2\/media?parent=7303"}],"wp:term":[{"taxonomy":"category","embeddable":true,"href":"https:\/\/2023.festivaldecineinstar.com\/en\/wp-json\/wp\/v2\/categories?post=7303"},{"taxonomy":"post_tag","embeddable":true,"href":"https:\/\/2023.festivaldecineinstar.com\/en\/wp-json\/wp\/v2\/tags?post=7303"}],"curies":[{"name":"wp","href":"https:\/\/api.w.org\/{rel}","templated":true}]}}