{"id":8083,"date":"2023-12-11T05:20:20","date_gmt":"2023-12-11T05:20:20","guid":{"rendered":"https:\/\/2023.festivaldecineinstar.com\/?p=8083"},"modified":"2023-12-11T05:25:51","modified_gmt":"2023-12-11T05:25:51","slug":"home-y-el-hijo-del-sueno","status":"publish","type":"post","link":"https:\/\/2023.festivaldecineinstar.com\/en\/home-y-el-hijo-del-sueno\/","title":{"rendered":"Home y El hijo del sue\u00f1o"},"content":{"rendered":"\t\t<div data-elementor-type=\"wp-post\" data-elementor-id=\"8083\" class=\"elementor elementor-8083\" data-elementor-post-type=\"post\">\n\t\t\t\t<div class=\"elementor-element elementor-element-69cec2e e-flex e-con-boxed e-con e-parent\" data-id=\"69cec2e\" data-element_type=\"container\" data-e-type=\"container\">\n\t\t\t\t\t<div class=\"e-con-inner\">\n\t\t\t\t<div class=\"elementor-element elementor-element-94744fa elementor-widget elementor-widget-spacer\" data-id=\"94744fa\" data-element_type=\"widget\" data-e-type=\"widget\" data-widget_type=\"spacer.default\">\n\t\t\t\t<div class=\"elementor-widget-container\">\n\t\t\t\t\t\t\t<div class=\"elementor-spacer\">\n\t\t\t<div class=\"elementor-spacer-inner\"><\/div>\n\t\t<\/div>\n\t\t\t\t\t\t<\/div>\n\t\t\t\t<\/div>\n\t\t\t\t\t<\/div>\n\t\t\t\t<\/div>\n\t\t<div class=\"elementor-element elementor-element-21f4b9b e-flex e-con-boxed e-con e-parent\" data-id=\"21f4b9b\" data-element_type=\"container\" data-e-type=\"container\">\n\t\t\t\t\t<div class=\"e-con-inner\">\n\t\t\t\t<div class=\"elementor-element elementor-element-e783315 elementor-widget__width-inherit elementor-widget elementor-widget-heading\" data-id=\"e783315\" data-element_type=\"widget\" data-e-type=\"widget\" data-widget_type=\"heading.default\">\n\t\t\t\t<div class=\"elementor-widget-container\">\n\t\t\t\t\t<h2 class=\"elementor-heading-title elementor-size-default\">\u2018Home\u2019 y \u2018El hijo del sue\u00f1o\u2019, de Alejandro Alonso: la tierra que pisa nuestro cine<\/h2>\t\t\t\t<\/div>\n\t\t\t\t<\/div>\n\t\t\t\t\t<\/div>\n\t\t\t\t<\/div>\n\t\t<div class=\"elementor-element elementor-element-a135d03 e-flex e-con-boxed e-con e-parent\" data-id=\"a135d03\" data-element_type=\"container\" data-e-type=\"container\">\n\t\t\t\t\t<div class=\"e-con-inner\">\n\t\t\t\t<div class=\"elementor-element elementor-element-ef4cb25 elementor-widget__width-inherit elementor-widget elementor-widget-text-editor\" data-id=\"ef4cb25\" data-element_type=\"widget\" data-e-type=\"widget\" data-widget_type=\"text-editor.default\">\n\t\t\t\t<div class=\"elementor-widget-container\">\n\t\t\t\t\t\t\t\t\t<p>Por MAYT\u00c9 MADRUGA &#8211; 07 diciembre, 2023<\/p>\t\t\t\t\t\t\t\t<\/div>\n\t\t\t\t<\/div>\n\t\t\t\t\t<\/div>\n\t\t\t\t<\/div>\n\t\t<div class=\"elementor-element elementor-element-dbe32ea e-flex e-con-boxed e-con e-parent\" data-id=\"dbe32ea\" data-element_type=\"container\" data-e-type=\"container\">\n\t\t\t\t\t<div class=\"e-con-inner\">\n\t\t\t\t<div class=\"elementor-element elementor-element-0bfc202 elementor-widget__width-inherit elementor-widget elementor-widget-text-editor\" data-id=\"0bfc202\" data-element_type=\"widget\" data-e-type=\"widget\" data-widget_type=\"text-editor.default\">\n\t\t\t\t<div class=\"elementor-widget-container\">\n\t\t\t\t\t\t\t\t\t<p style=\"text-align: center;\"><strong>RIALTA<\/strong><\/p>\t\t\t\t\t\t\t\t<\/div>\n\t\t\t\t<\/div>\n\t\t\t\t\t<\/div>\n\t\t\t\t<\/div>\n\t\t<div class=\"elementor-element elementor-element-e8db727 e-flex e-con-boxed e-con e-parent\" data-id=\"e8db727\" data-element_type=\"container\" data-e-type=\"container\">\n\t\t\t\t\t<div class=\"e-con-inner\">\n\t\t\t\t<div class=\"elementor-element elementor-element-1f6c400 elementor-widget__width-initial elementor-widget elementor-widget-image\" data-id=\"1f6c400\" data-element_type=\"widget\" data-e-type=\"widget\" data-widget_type=\"image.default\">\n\t\t\t\t<div class=\"elementor-widget-container\">\n\t\t\t\t\t\t\t\t\t\t\t\t<figure class=\"wp-caption\">\n\t\t\t\t\t\t\t\t\t\t<img fetchpriority=\"high\" decoding=\"async\" width=\"768\" height=\"481\" src=\"https:\/\/2023.festivaldecineinstar.com\/wp-content\/uploads\/2023\/12\/HOME-Y-EL-HIJO-1.jpg\" class=\"attachment-large size-large wp-image-8085\" alt=\"\" srcset=\"https:\/\/2023.festivaldecineinstar.com\/wp-content\/uploads\/2023\/12\/HOME-Y-EL-HIJO-1.jpg 768w, https:\/\/2023.festivaldecineinstar.com\/wp-content\/uploads\/2023\/12\/HOME-Y-EL-HIJO-1-300x188.jpg 300w, https:\/\/2023.festivaldecineinstar.com\/wp-content\/uploads\/2023\/12\/HOME-Y-EL-HIJO-1-18x12.jpg 18w\" sizes=\"(max-width: 768px) 100vw, 768px\" \/>\t\t\t\t\t\t\t\t\t\t\t<figcaption class=\"widget-image-caption wp-caption-text\">Fotograma de \u2018El hijo del sue\u00f1o\u2019 (2016); Alejandro Alonso (IMAGEN Vimeo \/ V\u00eda: rialta.org\/)<\/figcaption>\n\t\t\t\t\t\t\t\t\t\t<\/figure>\n\t\t\t\t\t\t\t\t\t<\/div>\n\t\t\t\t<\/div>\n\t\t\t\t\t<\/div>\n\t\t\t\t<\/div>\n\t\t<div class=\"elementor-element elementor-element-ef3c000 e-flex e-con-boxed e-con e-parent\" data-id=\"ef3c000\" data-element_type=\"container\" data-e-type=\"container\">\n\t\t\t\t\t<div class=\"e-con-inner\">\n\t\t\t\t<div class=\"elementor-element elementor-element-ca846bb elementor-widget elementor-widget-text-editor\" data-id=\"ca846bb\" data-element_type=\"widget\" data-e-type=\"widget\" data-widget_type=\"text-editor.default\">\n\t\t\t\t<div class=\"elementor-widget-container\">\n\t\t\t\t\t\t\t\t\t<p>\u201cAprendemos a vernos a trav\u00e9s de la fotograf\u00eda\u201d; es una de las frases m\u00e1s conocidas del ensayo\u00a0<em>Sobre la fotograf\u00eda<\/em>\u00a0de\u00a0<a href=\"https:\/\/rialta.org\/susan-sontag-persona-de-ingmar-bergman\/\" target=\"_blank\" rel=\"noopener\">Susan Sontag<\/a>. Sin embargo, en la obra del realizador cubano\u00a0<a href=\"https:\/\/rialta.org\/author\/alejandro-alonso\/\" target=\"_blank\" rel=\"noopener\">Alejandro Alonso<\/a>\u00a0tal pareciera que existe una voluntad expresa de desaprender a reconocernos a trav\u00e9s de la fotograf\u00eda, de las im\u00e1genes en movimiento. Ah\u00ed encontramos marcas, manchas, oscuridades que provienen acaso del mundo on\u00edrico.<\/p><p>Tambi\u00e9n algunas pel\u00edculas de Alonso pudieran relacionarse con la frase que inicia el ensayo\u00a0<em>Nuestra Am\u00e9rica<\/em>de Jos\u00e9 Mart\u00ed: \u201ccree el aldeano vanidoso que el mundo entero es su aldea\u201d. El di\u00e1logo entre las palabras de Mart\u00ed y las im\u00e1genes de\u00a0<em><a href=\"https:\/\/www.filmaffinity.com\/es\/film609439.html\" target=\"_blank\" rel=\"noopener nofollow\">Home<\/a><\/em>\u00a0(2019) y\u00a0<em><a href=\"https:\/\/rialta.org\/el-hijo-del-sueno\/\" target=\"_blank\" rel=\"noopener\">El hijo del sue\u00f1o<\/a><\/em>\u00a0(2016) construir\u00eda otros mundos posibles, identidades mixturadas, formas indefinidas de lo consciente.<\/p><p>Ambos filmes integran el programa de presentaciones especiales del<a href=\"https:\/\/rialta.org\/iv-festival-de-cine-instar-la-guia-episodio-1\/\" target=\"_blank\" rel=\"noopener\">\u00a0IV Festival de Cine INSTAR<\/a>. Est\u00e1n disponibles hasta el 10 de diciembre en la plataforma\u00a0<em>online<\/em>\u00a0Festhome, y se proyectar\u00e1n en la sala\u00a0<em>e-flux<\/em>Screening Room en Brooklyn, Nueva York, este s\u00e1bado 9 de diciembre.<\/p><p>Al director cubano siempre le ha interesado la intervenci\u00f3n sobre la imagen, en movimiento o fija, que abra portales a un entendimiento m\u00e1s sensitivo, menos lineal, m\u00e1s deconstructivamente circular. Conceptos y nociones profundamente ensayados, como la naci\u00f3n, la identidad o la madre, encuentran en estas dos pel\u00edculas un contrapunteo incisivo.<\/p><p>Madre y patria no solo son palabras. \u00bfO s\u00ed?\u00a0<em>El hijo del sue\u00f1o<\/em>\u00a0se fue a un pa\u00eds con numerosas poblaciones nombradas Cuba, pero all\u00ed no ha encontrado su nacionalidad. El sonido, y por consiguiente la palabra, le da forma al mundo. Las palabras ilustran los sentimientos, y las im\u00e1genes \u2013seleccionadas por el realizador\u2013 son la mente que divaga, que no es capaz de distinguir claramente.<\/p><p>La memoria es algo imprescindible para narrar los sue\u00f1os, para crear la naci\u00f3n. La patria suele a veces ser tan desprendida con sus hijos como una madre; por eso es importante que esas postales no sean regaladas, que no corran el riesgo de caer en otras manos, en otra historia\u2026 Las postales son el v\u00ednculo mat\u00e9rico entre madre e hijo. Entre un ciudadano y su naci\u00f3n de origen.<\/p><p>Dice la filosof\u00eda y\u00f3guica que todos tenemos un n\u00famero determinado de respiraciones. En\u00a0<em>El hijo\u2026,\u00a0<\/em>esas inhalaciones son un mecanismo de cuerda, con un ritmo propio y una cantidad limitada de giros.<\/p><p>Hay varias formas de orientarse en este mundo. La memoria puede ser una, pero esta memoria a menudo se mezcla con precisiones f\u00fatiles, fechas, coordenadas. Son estas, en \u00faltima instancia, peque\u00f1as gu\u00edas para algo impermanente, adornos de una imagen difusa que busca apelar al sentimiento, a la reconstrucci\u00f3n de un sentido otro, de una patria otra.<\/p>\t\t\t\t\t\t\t\t<\/div>\n\t\t\t\t<\/div>\n\t\t\t\t\t<\/div>\n\t\t\t\t<\/div>\n\t\t<div class=\"elementor-element elementor-element-ab3ea14 e-flex e-con-boxed e-con e-parent\" data-id=\"ab3ea14\" data-element_type=\"container\" data-e-type=\"container\">\n\t\t\t\t\t<div class=\"e-con-inner\">\n\t\t\t\t<div class=\"elementor-element elementor-element-43cf1a3 elementor-widget__width-initial elementor-widget elementor-widget-image\" data-id=\"43cf1a3\" data-element_type=\"widget\" data-e-type=\"widget\" data-widget_type=\"image.default\">\n\t\t\t\t<div class=\"elementor-widget-container\">\n\t\t\t\t\t\t\t\t\t\t\t\t<figure class=\"wp-caption\">\n\t\t\t\t\t\t\t\t\t\t<img decoding=\"async\" width=\"850\" height=\"532\" src=\"https:\/\/2023.festivaldecineinstar.com\/wp-content\/uploads\/2023\/12\/HOME-Y-EL-HIJO-2.webp\" class=\"attachment-large size-large wp-image-8086\" alt=\"\" srcset=\"https:\/\/2023.festivaldecineinstar.com\/wp-content\/uploads\/2023\/12\/HOME-Y-EL-HIJO-2.webp 850w, https:\/\/2023.festivaldecineinstar.com\/wp-content\/uploads\/2023\/12\/HOME-Y-EL-HIJO-2-300x188.webp 300w, https:\/\/2023.festivaldecineinstar.com\/wp-content\/uploads\/2023\/12\/HOME-Y-EL-HIJO-2-768x481.webp 768w, https:\/\/2023.festivaldecineinstar.com\/wp-content\/uploads\/2023\/12\/HOME-Y-EL-HIJO-2-18x12.webp 18w\" sizes=\"(max-width: 850px) 100vw, 850px\" \/>\t\t\t\t\t\t\t\t\t\t\t<figcaption class=\"widget-image-caption wp-caption-text\"><\/figcaption>\n\t\t\t\t\t\t\t\t\t\t<\/figure>\n\t\t\t\t\t\t\t\t\t<\/div>\n\t\t\t\t<\/div>\n\t\t\t\t\t<\/div>\n\t\t\t\t<\/div>\n\t\t<div class=\"elementor-element elementor-element-edd3d1b e-flex e-con-boxed e-con e-parent\" data-id=\"edd3d1b\" data-element_type=\"container\" data-e-type=\"container\">\n\t\t\t\t\t<div class=\"e-con-inner\">\n\t\t\t\t<div class=\"elementor-element elementor-element-cc6d179 elementor-widget elementor-widget-spacer\" data-id=\"cc6d179\" data-element_type=\"widget\" data-e-type=\"widget\" data-widget_type=\"spacer.default\">\n\t\t\t\t<div class=\"elementor-widget-container\">\n\t\t\t\t\t\t\t<div class=\"elementor-spacer\">\n\t\t\t<div class=\"elementor-spacer-inner\"><\/div>\n\t\t<\/div>\n\t\t\t\t\t\t<\/div>\n\t\t\t\t<\/div>\n\t\t\t\t\t<\/div>\n\t\t\t\t<\/div>\n\t\t<div class=\"elementor-element elementor-element-15193fe e-flex e-con-boxed e-con e-parent\" data-id=\"15193fe\" data-element_type=\"container\" data-e-type=\"container\">\n\t\t\t\t\t<div class=\"e-con-inner\">\n\t\t\t\t<div class=\"elementor-element elementor-element-cdc757a elementor-widget elementor-widget-text-editor\" data-id=\"cdc757a\" data-element_type=\"widget\" data-e-type=\"widget\" data-widget_type=\"text-editor.default\">\n\t\t\t\t<div class=\"elementor-widget-container\">\n\t\t\t\t\t\t\t\t\t<p>\u00bfQu\u00e9 es una idea? En el plano sutil, la idea es pensamiento puro. De forma prematura, una idea se convierte en un prejuicio. En tiempos demorados, la idea se convierte en algo sobreanalizado, que no se materializa. El cine como dispositivo hacedor de ideas es otra de las formas que definen estas dos obras de Alonso.<\/p><p>En\u00a0<em>Home<\/em>\u00a0la idea de nacionalidad se deconstruye a partir de la interrogaci\u00f3n a los supuestos originales o aut\u00e9nticos que permitir\u00edan al individuo autodefinirse. Alonso pone esa noci\u00f3n en crisis. Pues es solo as\u00ed que pueden surgir nuevas formas de mirarse, de percibirse. Cuando tu nombre no es \u00fanico, cuando las ideas se repiten, cuando las historias que nos definen son hasta cierto punto similares, cada construcci\u00f3n identitaria es un plano cerrado, una imagen deteriorada, un fragmento de algo m\u00e1s grande que se escapa, se confunde, queda velado como una foto sobreexpuesta.<\/p><p>\u201c<em>Home<\/em>\u201d, para los hispanohablantes, es \u201ccasa\u201d. Asimismo, la palabra \u201c<em>homeland<\/em>\u201d se traduce al espa\u00f1ol como \u201cpatria\u201d: en ese camino simb\u00f3lico se pierden elementos f\u00edsicos como la tierra, y tambi\u00e9n la alusi\u00f3n directa al hogar. Seg\u00fan\u00a0<a href=\"https:\/\/www.collinsdictionary.com\/es\/diccionario\/ingles\/homeland\" target=\"_blank\" rel=\"noopener nofollow\">la versi\u00f3n en l\u00ednea<\/a>\u00a0del diccionario brit\u00e1nico Collins, la palabra \u201c<em>homeland<\/em>\u201d es utilizada para designar el pa\u00eds en que uno nace, o el que haces tu hogar. Para sumergirse en las pel\u00edculas de Alonso, es importante resaltar esta segunda acepci\u00f3n:\u00a0<em>convertirlo en hogar<\/em>.<\/p><p>Tanto en\u00a0<em>Home<\/em>\u00a0como en\u00a0<em>El hijo\u2026<\/em>, el metraje induce a tomar acci\u00f3n, a creer y reconfigurar lo que cada individuo debe llamar \u201ccasa\u201d, y cu\u00e1n pertinente es o no sustituir la sensaci\u00f3n de lo dom\u00e9stico, del calor del hogar, por la inmensidad abstracta que plantea la palabra \u201cpatria\u201d. El t\u00edo del realizador, Julio C\u00e9sar, decidi\u00f3 que su hogar \u00faltimo sea su familia, su madre. Entonces, su sobrino Alejandro reconstruye ese puente y, luego, se pregunta en\u00a0<em>Home<\/em>\u00a0si fue necesario destruirlo en alg\u00fan momento, o si a\u00fan permanece.<\/p><p>Solo mediante la intervenci\u00f3n de las im\u00e1genes puede el director acercarse a estas preguntas, so\u00f1ar con conocerse a s\u00ed mismo: proponer que nuestra esencia sea imaginada m\u00e1s all\u00e1 de un simple acto nominal o un arbitrario l\u00edmite f\u00edsico, geogr\u00e1fico.<\/p><p>Seg\u00fan\u00a0<a href=\"https:\/\/rialta.org\/susan-sontag-prefacio-a-ferdydurke\/\" target=\"_blank\" rel=\"noopener\">Sontag<\/a>, \u201clas fotograf\u00edas transcritas en una pel\u00edcula dejan de ser objetos coleccionables, como lo son aun cuando se presentan en libros\u201d.<a href=\"applewebdata:\/\/32E00770-C98C-4786-8BAD-24FC6D1606E1#_edn1\" target=\"_blank\" rel=\"nofollow noopener\" name=\"_ednref1\">[i]<\/a><\/p><p>Tal vez no sean en s\u00ed mismas coleccionables, pero los relatos que crean, las historias que iluminan, s\u00ed lo son. Se transmutan en retazos de sue\u00f1os materializados, aunque en este siglo XXI tengamos la impresi\u00f3n de que se convertir\u00e1n en polvo en el viento con solo un\u00a0<em>delete<\/em>. Y, de una u otra forma, quedan en un lugar de la memoria. Al menos as\u00ed pasa con estas pel\u00edculas de Alejandro Alonso. Cada desasosiego que produce una imagen distorsionada, cada recogimiento de un plano, queda ah\u00ed\u2026 mezcl\u00e1ndose en el inconsciente cual energ\u00eda\u00a0<em>kundalini<\/em>\u00a0que despertar\u00e1 desde la ra\u00edz hasta el alma.<\/p><p><a href=\"applewebdata:\/\/32E00770-C98C-4786-8BAD-24FC6D1606E1#_ednref1\" target=\"_blank\" rel=\"nofollow noopener\" name=\"_edn1\">[i]<\/a>\u00a0Sontag Susan.\u00a0<em>Sobre la fotograf\u00eda<\/em>. Epub libre. Edici\u00f3n digital: Titivillus. 2016, p\u00e1g. 9.<\/p>\t\t\t\t\t\t\t\t<\/div>\n\t\t\t\t<\/div>\n\t\t\t\t\t<\/div>\n\t\t\t\t<\/div>\n\t\t<div class=\"elementor-element elementor-element-ed2bfe3 e-flex e-con-boxed e-con e-parent\" data-id=\"ed2bfe3\" data-element_type=\"container\" data-e-type=\"container\">\n\t\t\t\t\t<div class=\"e-con-inner\">\n\t\t\t\t<div class=\"elementor-element elementor-element-0254657 elementor-widget elementor-widget-spacer\" data-id=\"0254657\" data-element_type=\"widget\" data-e-type=\"widget\" data-widget_type=\"spacer.default\">\n\t\t\t\t<div class=\"elementor-widget-container\">\n\t\t\t\t\t\t\t<div class=\"elementor-spacer\">\n\t\t\t<div class=\"elementor-spacer-inner\"><\/div>\n\t\t<\/div>\n\t\t\t\t\t\t<\/div>\n\t\t\t\t<\/div>\n\t\t\t\t\t<\/div>\n\t\t\t\t<\/div>\n\t\t<div class=\"elementor-element elementor-element-24b685f9 e-flex e-con-boxed e-con e-parent\" data-id=\"24b685f9\" data-element_type=\"container\" data-e-type=\"container\">\n\t\t\t\t\t<div class=\"e-con-inner\">\n\t\t\t\t<div class=\"elementor-element elementor-element-117a594a elementor-widget__width-initial elementor-widget elementor-widget-text-editor\" data-id=\"117a594a\" data-element_type=\"widget\" data-e-type=\"widget\" data-widget_type=\"text-editor.default\">\n\t\t\t\t<div class=\"elementor-widget-container\">\n\t\t\t\t\t\t\t\t\t<p style=\"text-align: center;\">Puedes leer la nota original<a href=\"https:\/\/rialta.org\/alejandro-alonso-cine-cuba-home-hijo-sueno-documental\/\"\n   onmouseover=\"this.style.color='#D0121E'; this.style.fontWeight='bold';\"\n   onmouseout=\"if (!this.hasBeenClicked) { this.style.color='#D0121E'; this.style.fontWeight='normal'; }\"\n   onclick=\"this.style.color='black'; this.style.fontWeight='normal'; this.hasBeenClicked = true; return true;\"\n>\n  aqu\u00ed\n<\/a>\t\t\t\t\t\t\t\t<\/div>\n\t\t\t\t<\/div>\n\t\t\t\t\t<\/div>\n\t\t\t\t<\/div>\n\t\t\t\t<\/div>\n\t\t","protected":false},"excerpt":{"rendered":"<p>\u2018Home\u2019 y \u2018El hijo del sue\u00f1o\u2019, de Alejandro Alonso: la tierra que pisa nuestro cine Por MAYT\u00c9 MADRUGA &#8211; 07 diciembre, 2023 RIALTA Fotograma de \u2018El hijo del sue\u00f1o\u2019 (2016); Alejandro Alonso (IMAGEN Vimeo \/ V\u00eda: rialta.org\/) \u201cAprendemos a vernos a trav\u00e9s de la fotograf\u00eda\u201d; es una de las frases m\u00e1s conocidas del ensayo\u00a0Sobre la [&hellip;]<\/p>\n","protected":false},"author":1,"featured_media":0,"comment_status":"closed","ping_status":"closed","sticky":false,"template":"","format":"standard","meta":{"site-sidebar-layout":"default","site-content-layout":"","ast-site-content-layout":"default","site-content-style":"default","site-sidebar-style":"default","ast-global-header-display":"","ast-banner-title-visibility":"","ast-main-header-display":"","ast-hfb-above-header-display":"","ast-hfb-below-header-display":"","ast-hfb-mobile-header-display":"","site-post-title":"disabled","ast-breadcrumbs-content":"","ast-featured-img":"","footer-sml-layout":"","ast-disable-related-posts":"","theme-transparent-header-meta":"","adv-header-id-meta":"","stick-header-meta":"","header-above-stick-meta":"","header-main-stick-meta":"","header-below-stick-meta":"","astra-migrate-meta-layouts":"","ast-page-background-enabled":"default","ast-page-background-meta":{"desktop":{"background-color":"var(--ast-global-color-4)","background-image":"","background-repeat":"repeat","background-position":"center center","background-size":"auto","background-attachment":"scroll","background-type":"","background-media":"","overlay-type":"","overlay-color":"","overlay-opacity":"","overlay-gradient":""},"tablet":{"background-color":"","background-image":"","background-repeat":"repeat","background-position":"center center","background-size":"auto","background-attachment":"scroll","background-type":"","background-media":"","overlay-type":"","overlay-color":"","overlay-opacity":"","overlay-gradient":""},"mobile":{"background-color":"","background-image":"","background-repeat":"repeat","background-position":"center center","background-size":"auto","background-attachment":"scroll","background-type":"","background-media":"","overlay-type":"","overlay-color":"","overlay-opacity":"","overlay-gradient":""}},"ast-content-background-meta":{"desktop":{"background-color":"var(--ast-global-color-5)","background-image":"","background-repeat":"repeat","background-position":"center center","background-size":"auto","background-attachment":"scroll","background-type":"","background-media":"","overlay-type":"","overlay-color":"","overlay-opacity":"","overlay-gradient":""},"tablet":{"background-color":"var(--ast-global-color-5)","background-image":"","background-repeat":"repeat","background-position":"center center","background-size":"auto","background-attachment":"scroll","background-type":"","background-media":"","overlay-type":"","overlay-color":"","overlay-opacity":"","overlay-gradient":""},"mobile":{"background-color":"var(--ast-global-color-5)","background-image":"","background-repeat":"repeat","background-position":"center center","background-size":"auto","background-attachment":"scroll","background-type":"","background-media":"","overlay-type":"","overlay-color":"","overlay-opacity":"","overlay-gradient":""}},"footnotes":""},"categories":[25],"tags":[],"class_list":["post-8083","post","type-post","status-publish","format-standard","hentry","category-notas"],"_links":{"self":[{"href":"https:\/\/2023.festivaldecineinstar.com\/en\/wp-json\/wp\/v2\/posts\/8083","targetHints":{"allow":["GET"]}}],"collection":[{"href":"https:\/\/2023.festivaldecineinstar.com\/en\/wp-json\/wp\/v2\/posts"}],"about":[{"href":"https:\/\/2023.festivaldecineinstar.com\/en\/wp-json\/wp\/v2\/types\/post"}],"author":[{"embeddable":true,"href":"https:\/\/2023.festivaldecineinstar.com\/en\/wp-json\/wp\/v2\/users\/1"}],"replies":[{"embeddable":true,"href":"https:\/\/2023.festivaldecineinstar.com\/en\/wp-json\/wp\/v2\/comments?post=8083"}],"version-history":[{"count":4,"href":"https:\/\/2023.festivaldecineinstar.com\/en\/wp-json\/wp\/v2\/posts\/8083\/revisions"}],"predecessor-version":[{"id":8090,"href":"https:\/\/2023.festivaldecineinstar.com\/en\/wp-json\/wp\/v2\/posts\/8083\/revisions\/8090"}],"wp:attachment":[{"href":"https:\/\/2023.festivaldecineinstar.com\/en\/wp-json\/wp\/v2\/media?parent=8083"}],"wp:term":[{"taxonomy":"category","embeddable":true,"href":"https:\/\/2023.festivaldecineinstar.com\/en\/wp-json\/wp\/v2\/categories?post=8083"},{"taxonomy":"post_tag","embeddable":true,"href":"https:\/\/2023.festivaldecineinstar.com\/en\/wp-json\/wp\/v2\/tags?post=8083"}],"curies":[{"name":"wp","href":"https:\/\/api.w.org\/{rel}","templated":true}]}}