{"id":8198,"date":"2023-12-12T15:02:57","date_gmt":"2023-12-12T15:02:57","guid":{"rendered":"https:\/\/2023.festivaldecineinstar.com\/?p=8198"},"modified":"2023-12-12T15:39:15","modified_gmt":"2023-12-12T15:39:15","slug":"hojas-de-k-una-pelicula-urgente","status":"publish","type":"post","link":"https:\/\/2023.festivaldecineinstar.com\/en\/hojas-de-k-una-pelicula-urgente\/","title":{"rendered":"Hojas de K una pelicula urgente"},"content":{"rendered":"\t\t<div data-elementor-type=\"wp-post\" data-elementor-id=\"8198\" class=\"elementor elementor-8198\" data-elementor-post-type=\"post\">\n\t\t\t\t<div class=\"elementor-element elementor-element-69cec2e e-flex e-con-boxed e-con e-parent\" data-id=\"69cec2e\" data-element_type=\"container\" data-e-type=\"container\">\n\t\t\t\t\t<div class=\"e-con-inner\">\n\t\t\t\t<div class=\"elementor-element elementor-element-94744fa elementor-widget elementor-widget-spacer\" data-id=\"94744fa\" data-element_type=\"widget\" data-e-type=\"widget\" data-widget_type=\"spacer.default\">\n\t\t\t\t<div class=\"elementor-widget-container\">\n\t\t\t\t\t\t\t<div class=\"elementor-spacer\">\n\t\t\t<div class=\"elementor-spacer-inner\"><\/div>\n\t\t<\/div>\n\t\t\t\t\t\t<\/div>\n\t\t\t\t<\/div>\n\t\t\t\t\t<\/div>\n\t\t\t\t<\/div>\n\t\t<div class=\"elementor-element elementor-element-21f4b9b e-flex e-con-boxed e-con e-parent\" data-id=\"21f4b9b\" data-element_type=\"container\" data-e-type=\"container\">\n\t\t\t\t\t<div class=\"e-con-inner\">\n\t\t\t\t<div class=\"elementor-element elementor-element-e783315 elementor-widget__width-inherit elementor-widget elementor-widget-heading\" data-id=\"e783315\" data-element_type=\"widget\" data-e-type=\"widget\" data-widget_type=\"heading.default\">\n\t\t\t\t<div class=\"elementor-widget-container\">\n\t\t\t\t\t<h2 class=\"elementor-heading-title elementor-size-default\">\u2018Hojas de K\u2019, una pel\u00edcula urgente. Entrevista con la cineasta nicarag\u00fcense Gloria Carri\u00f3n<\/h2>\t\t\t\t<\/div>\n\t\t\t\t<\/div>\n\t\t\t\t\t<\/div>\n\t\t\t\t<\/div>\n\t\t<div class=\"elementor-element elementor-element-a135d03 e-flex e-con-boxed e-con e-parent\" data-id=\"a135d03\" data-element_type=\"container\" data-e-type=\"container\">\n\t\t\t\t\t<div class=\"e-con-inner\">\n\t\t\t\t<div class=\"elementor-element elementor-element-ef4cb25 elementor-widget__width-inherit elementor-widget elementor-widget-text-editor\" data-id=\"ef4cb25\" data-element_type=\"widget\" data-e-type=\"widget\" data-widget_type=\"text-editor.default\">\n\t\t\t\t<div class=\"elementor-widget-container\">\n\t\t\t\t\t\t\t\t\t<p>Por ANTONIO ENRIQUE GONZ\u00c1LEZ ROJAS &#8211; 11 diciembre, 2023<\/p>\t\t\t\t\t\t\t\t<\/div>\n\t\t\t\t<\/div>\n\t\t\t\t\t<\/div>\n\t\t\t\t<\/div>\n\t\t<div class=\"elementor-element elementor-element-dbe32ea e-flex e-con-boxed e-con e-parent\" data-id=\"dbe32ea\" data-element_type=\"container\" data-e-type=\"container\">\n\t\t\t\t\t<div class=\"e-con-inner\">\n\t\t\t\t<div class=\"elementor-element elementor-element-0bfc202 elementor-widget__width-inherit elementor-widget elementor-widget-text-editor\" data-id=\"0bfc202\" data-element_type=\"widget\" data-e-type=\"widget\" data-widget_type=\"text-editor.default\">\n\t\t\t\t<div class=\"elementor-widget-container\">\n\t\t\t\t\t\t\t\t\t<p style=\"text-align: center;\"><strong>RIALTA<\/strong><\/p>\t\t\t\t\t\t\t\t<\/div>\n\t\t\t\t<\/div>\n\t\t\t\t\t<\/div>\n\t\t\t\t<\/div>\n\t\t<div class=\"elementor-element elementor-element-e8db727 e-flex e-con-boxed e-con e-parent\" data-id=\"e8db727\" data-element_type=\"container\" data-e-type=\"container\">\n\t\t\t\t\t<div class=\"e-con-inner\">\n\t\t\t\t<div class=\"elementor-element elementor-element-1f6c400 elementor-widget__width-initial elementor-widget elementor-widget-image\" data-id=\"1f6c400\" data-element_type=\"widget\" data-e-type=\"widget\" data-widget_type=\"image.default\">\n\t\t\t\t<div class=\"elementor-widget-container\">\n\t\t\t\t\t\t\t\t\t\t\t\t<figure class=\"wp-caption\">\n\t\t\t\t\t\t\t\t\t\t<img fetchpriority=\"high\" decoding=\"async\" width=\"768\" height=\"481\" src=\"https:\/\/2023.festivaldecineinstar.com\/wp-content\/uploads\/2023\/12\/URGENTE-1.webp\" class=\"attachment-large size-large wp-image-8201\" alt=\"\" srcset=\"https:\/\/2023.festivaldecineinstar.com\/wp-content\/uploads\/2023\/12\/URGENTE-1.webp 768w, https:\/\/2023.festivaldecineinstar.com\/wp-content\/uploads\/2023\/12\/URGENTE-1-300x188.webp 300w, https:\/\/2023.festivaldecineinstar.com\/wp-content\/uploads\/2023\/12\/URGENTE-1-18x12.webp 18w\" sizes=\"(max-width: 768px) 100vw, 768px\" \/>\t\t\t\t\t\t\t\t\t\t\t<figcaption class=\"widget-image-caption wp-caption-text\">Fotograma de \u2018Hojas de K\u2019 (2022); Gloria Carri\u00f3n (IMAGEN hojasdek.com)<\/figcaption>\n\t\t\t\t\t\t\t\t\t\t<\/figure>\n\t\t\t\t\t\t\t\t\t<\/div>\n\t\t\t\t<\/div>\n\t\t\t\t\t<\/div>\n\t\t\t\t<\/div>\n\t\t<div class=\"elementor-element elementor-element-edd3d1b e-flex e-con-boxed e-con e-parent\" data-id=\"edd3d1b\" data-element_type=\"container\" data-e-type=\"container\">\n\t\t\t\t\t<div class=\"e-con-inner\">\n\t\t\t\t<div class=\"elementor-element elementor-element-cc6d179 elementor-widget elementor-widget-spacer\" data-id=\"cc6d179\" data-element_type=\"widget\" data-e-type=\"widget\" data-widget_type=\"spacer.default\">\n\t\t\t\t<div class=\"elementor-widget-container\">\n\t\t\t\t\t\t\t<div class=\"elementor-spacer\">\n\t\t\t<div class=\"elementor-spacer-inner\"><\/div>\n\t\t<\/div>\n\t\t\t\t\t\t<\/div>\n\t\t\t\t<\/div>\n\t\t\t\t\t<\/div>\n\t\t\t\t<\/div>\n\t\t<div class=\"elementor-element elementor-element-ef3c000 e-flex e-con-boxed e-con e-parent\" data-id=\"ef3c000\" data-element_type=\"container\" data-e-type=\"container\">\n\t\t\t\t\t<div class=\"e-con-inner\">\n\t\t\t\t<div class=\"elementor-element elementor-element-ca846bb elementor-widget elementor-widget-text-editor\" data-id=\"ca846bb\" data-element_type=\"widget\" data-e-type=\"widget\" data-widget_type=\"text-editor.default\">\n\t\t\t\t<div class=\"elementor-widget-container\">\n\t\t\t\t\t\t\t\t\t<p><em><a href=\"https:\/\/rialta.org\/hojas-de-k-o-de-la-fragilidad-inexpugnable-resena\/\" target=\"_blank\" rel=\"noopener\">Hojas de K.<\/a><\/em>\u00a0(2022), de la nicarag\u00fcense Gloria Carri\u00f3n, trenza en una sola voz los testimonios de varias mujeres nicarag\u00fcenses reprimidas por el r\u00e9gimen de Daniel Ortega durante las protestas masivas de abril de 2018. En los primeros d\u00edas de este diciembre, la realizadora centroamericana sum\u00f3 esa verdad m\u00faltiple a los gritos de libertad creativa reunidos en\u00a0<a href=\"https:\/\/2023.festivaldecineinstar.com\/edicion-2023\/\" target=\"_blank\" rel=\"noopener nofollow\">la selecci\u00f3n oficial<\/a>\u00a0del\u00a0<a href=\"https:\/\/rialta.org\/cuatro-directores-hablan-sobre-el-iv-festival-de-cine-instar\/\" target=\"_blank\" rel=\"noopener\">IV Festival de Cine INSTAR<\/a>\u00a0\u2013que culmin\u00f3 la v\u00edspera con\u00a0<a href=\"https:\/\/rialta.org\/mafifa-cuba-daniela-munoz-barroso-premio-nicolas-guillen-landrian-festival-cine-instar\/\" target=\"_blank\" rel=\"noopener\">la premiaci\u00f3n<\/a>\u00a0del documental\u00a0<em><a href=\"https:\/\/rialta.org\/mafifa-daniela-munoz-barroso-cine-cuba-festival-instar\/\" target=\"_blank\" rel=\"noopener\">Mafifa<\/a>\u00a0<\/em>(2021), de la cubana\u00a0<a href=\"https:\/\/rialta.org\/el-retrato-de-mafifa-conversacion-con-la-cineasta-daniela-munoz-barroso\/\" target=\"_blank\" rel=\"noopener\">Daniela Mu\u00f1oz Barroso<\/a>.<\/p><p>El silencio absoluto en que los estados totalitarios sue\u00f1an sumergir las posturas y representaciones divergentes de su monocorde versi\u00f3n de la realidad ser\u00e1 siempre desafiado \u2013y, a la larga, derrotado\u2013 por esos discursos que escapan en el viento, como hojas ligeras.<\/p><p>A trav\u00e9s de Messenger y WhatsApp llegaron las respuestas de Gloria Carri\u00f3n a mis interrogantes sobre los procesos, motivos y consecuencias de las p\u00e1ginas clandestinas que escribe la protagonista plural de\u00a0<em>Hojas de K<\/em>. Esas que han logrado escurrirse entre las muradas represoras para revelar otras versiones de la realidad: los rostros subyacentes tras la sonrisa congelada que presenta el r\u00e9gimen al mundo.<\/p>\t\t\t\t\t\t\t\t<\/div>\n\t\t\t\t<\/div>\n\t\t\t\t\t<\/div>\n\t\t\t\t<\/div>\n\t\t<div class=\"elementor-element elementor-element-c256f1f e-flex e-con-boxed e-con e-parent\" data-id=\"c256f1f\" data-element_type=\"container\" data-e-type=\"container\">\n\t\t\t\t\t<div class=\"e-con-inner\">\n\t\t\t\t<div class=\"elementor-element elementor-element-5c24fe4 elementor-widget__width-initial elementor-widget-mobile__width-initial elementor-widget elementor-widget-facebook-embed\" data-id=\"5c24fe4\" data-element_type=\"widget\" data-e-type=\"widget\" data-widget_type=\"facebook-embed.default\">\n\t\t\t\t<div class=\"elementor-widget-container\">\n\t\t\t\t\t<div style=\"min-height: 1px\" class=\"elementor-facebook-widget fb-post\" data-href=\"https:\/\/www.facebook.com\/instarCuba\/posts\/780163214123801?ref=embed_post\" data-show-text=\"false\"><\/div>\t\t\t\t<\/div>\n\t\t\t\t<\/div>\n\t\t\t\t\t<\/div>\n\t\t\t\t<\/div>\n\t\t<div class=\"elementor-element elementor-element-9a47dba e-flex e-con-boxed e-con e-parent\" data-id=\"9a47dba\" data-element_type=\"container\" data-e-type=\"container\">\n\t\t\t\t\t<div class=\"e-con-inner\">\n\t\t\t\t<div class=\"elementor-element elementor-element-c4c3539 elementor-widget elementor-widget-text-editor\" data-id=\"c4c3539\" data-element_type=\"widget\" data-e-type=\"widget\" data-widget_type=\"text-editor.default\">\n\t\t\t\t<div class=\"elementor-widget-container\">\n\t\t\t\t\t\t\t\t\t<p><strong>K. es un cuerpo colectivo representado como una joven estudiante. \u00bfTodos los testimonios compilados son entonces de adolescentes y j\u00f3venes? \u00bfO tambi\u00e9n contaste con los de otras generaciones?<\/strong><\/p><p>La mayor parte de los testimonios fueron brindados por mujeres j\u00f3venes. Entre adolescentes y j\u00f3venes de un m\u00e1ximo de 22 o 23 a\u00f1os. Entrevist\u00e9 a un total de diez. Solo dos eran mayores. Una ten\u00eda como 40 a\u00f1os y la otra ten\u00eda 30. Todas participaron, en distintas zonas del pa\u00eds, en las protestas c\u00edvicas de abril de 2018.<\/p><p>Me encontr\u00e9 con cada una de ellas, ya sea de manera presencial o virtual. Est\u00e1bamos en el mismo pa\u00eds, pero algunas resid\u00edan en otras zonas. Otras no pod\u00edan salir de sus casas porque estaban bajo asedio policial. Las encontr\u00e9 a trav\u00e9s de organizaciones feministas de base, y tambi\u00e9n de derechos humanos, con las que yo estaba cooperando. Y fue a trav\u00e9s de ellas que hice los contactos.<\/p><p>La verdad es que resid\u00eda en Nicaragua en ese momento; todas est\u00e1bamos residiendo en Nicaragua. Y me comuniqu\u00e9 con todas. Sin embargo, cuando termin\u00e9 la \u00faltima entrevista, me di cuenta de que mi centro de pensamiento, donde trabajaba, estaba siendo perseguido. Ya no pude continuar realizando entrevistas.<\/p>\t\t\t\t\t\t\t\t<\/div>\n\t\t\t\t<\/div>\n\t\t\t\t\t<\/div>\n\t\t\t\t<\/div>\n\t\t<div class=\"elementor-element elementor-element-60fa54e e-grid e-con-boxed e-con e-parent\" data-id=\"60fa54e\" data-element_type=\"container\" data-e-type=\"container\">\n\t\t\t\t\t<div class=\"e-con-inner\">\n\t\t\t\t<div class=\"elementor-element elementor-element-c425f38 elementor-widget elementor-widget-text-editor\" data-id=\"c425f38\" data-element_type=\"widget\" data-e-type=\"widget\" data-widget_type=\"text-editor.default\">\n\t\t\t\t<div class=\"elementor-widget-container\">\n\t\t\t\t\t\t\t\t\t<p>De hecho, iba a filmar una serie documental sobre el levantamiento c\u00edvico de abril antes de irme de Nicaragua: ya no pude hacer eso. Y me llev\u00e9 los testimonios conmigo, en mi maleta. Tuve tres d\u00edas para salir del pa\u00eds, por la represi\u00f3n, y cuando sal\u00ed, y logr\u00e9 desempacar la maleta, pues record\u00e9 que ten\u00eda estos audios. Y la animaci\u00f3n se convirti\u00f3 en la \u00fanica manera posible que encontr\u00e9 para contar esta historia.<\/p><p><strong>La mayor\u00eda del equipo creativo de\u00a0<em>Hojas de K<\/em>. emplea seud\u00f3nimos. \u00bfCu\u00e1les son los peligros a los que se arriesgan de revelar sus nombres?<\/strong><\/p><p>La mayor\u00eda del equipo creativo usa seud\u00f3nimos, y el peligro a que se arriesgan es ser ellos mismos v\u00edctimas de la persecuci\u00f3n estatal, [y tambi\u00e9n] riesgos para sus familias, hasta\u00a0<a href=\"https:\/\/rialta.org\/corte-managua-despoja-nacionalidad-mas-de-90-nicaraguenses-sergio-ramirez-gioconda-belli\/\" target=\"_blank\" rel=\"noopener\">el exilio forzado<\/a>. En Nicaragua la situaci\u00f3n es tan terrible, por la represi\u00f3n, por la violencia estatal, que haber participado en un corto como este pues puede tener consecuencias muy grandes, incluso la c\u00e1rcel. Porque ahora ya nadie est\u00e1 exento de terminar en prisi\u00f3n por decir o hacer cosas que contradigan la versi\u00f3n del gobierno sobre lo que sucedi\u00f3 en 2018.<\/p>\t\t\t\t\t\t\t\t<\/div>\n\t\t\t\t<\/div>\n\t\t\t\t<div class=\"elementor-element elementor-element-d65c44f elementor-widget elementor-widget-image\" data-id=\"d65c44f\" data-element_type=\"widget\" data-e-type=\"widget\" data-widget_type=\"image.default\">\n\t\t\t\t<div class=\"elementor-widget-container\">\n\t\t\t\t\t\t\t\t\t\t\t\t<figure class=\"wp-caption\">\n\t\t\t\t\t\t\t\t\t\t<img decoding=\"async\" width=\"433\" height=\"617\" src=\"https:\/\/2023.festivaldecineinstar.com\/wp-content\/uploads\/2023\/11\/Leaves_of_K.png\" class=\"attachment-large size-large wp-image-3688\" alt=\"\" srcset=\"https:\/\/2023.festivaldecineinstar.com\/wp-content\/uploads\/2023\/11\/Leaves_of_K.png 433w, https:\/\/2023.festivaldecineinstar.com\/wp-content\/uploads\/2023\/11\/Leaves_of_K-211x300.png 211w\" sizes=\"(max-width: 433px) 100vw, 433px\" \/>\t\t\t\t\t\t\t\t\t\t\t<figcaption class=\"widget-image-caption wp-caption-text\">P\u00f3ster de \u2018Hojas de K.\u2019 (2022); Gloria Carri\u00f3n (IMAGEN hojasdek.com)<\/figcaption>\n\t\t\t\t\t\t\t\t\t\t<\/figure>\n\t\t\t\t\t\t\t\t\t<\/div>\n\t\t\t\t<\/div>\n\t\t\t\t\t<\/div>\n\t\t\t\t<\/div>\n\t\t<div class=\"elementor-element elementor-element-32f33db e-flex e-con-boxed e-con e-parent\" data-id=\"32f33db\" data-element_type=\"container\" data-e-type=\"container\">\n\t\t\t\t\t<div class=\"e-con-inner\">\n\t\t\t\t<div class=\"elementor-element elementor-element-06697ff elementor-widget elementor-widget-text-editor\" data-id=\"06697ff\" data-element_type=\"widget\" data-e-type=\"widget\" data-widget_type=\"text-editor.default\">\n\t\t\t\t<div class=\"elementor-widget-container\">\n\t\t\t\t\t\t\t\t\t<p><strong>Si alguno de los miembros del equipo reside a\u00fan en Nicaragua, \u00bfpuede decirse que la\u00a0<em>Hojas de K<\/em>. es una \u201ccoproducci\u00f3n\u201d entre la Nicaragua f\u00edsica y la Nicaragua diasp\u00f3rica?<\/strong><\/p><p>Puede decirse definitivamente que\u00a0<em>Hojas de K<\/em>. es una coproducci\u00f3n entre la Nicaragua f\u00edsica y la Nicaragua diasp\u00f3rica, sin duda alguna. De hecho, la empec\u00e9 a concebir, y la termin\u00e9, estando ya en el exilio, colaborando con personas que estaban dentro del pa\u00eds. Se puede afirmar eso definitivamente, y creo que tambi\u00e9n es un testimonio sobre la resiliencia de los cineastas nicarag\u00fcenses, quienes, al igual que las y los creadores cubanos, tratamos de hacer cine y contar nuestras historias a pesar de las adversidades y la persecuci\u00f3n la pol\u00edtica.<\/p><p><strong>\u00bfReconoces alguna influencia creativa f\u00edlmica o de otras artes en\u00a0<em>Hojas de K.<\/em>?<\/strong><\/p><p>Pues definitivamente la literatura tiene una influencia enorme en mi trabajo. Amo la poes\u00eda, me encanta; pero tambi\u00e9n la narrativa. Leo mucho; de hecho, entr\u00e9 al cine a trav\u00e9s de la literatura y creo que nunca la he la he dejado atr\u00e1s. Siempre ha sido como un terreno de mucha inspiraci\u00f3n, un mundo creativo personal; forma parte de mi constelaci\u00f3n creativa, de mi universo creativo.<\/p><p>El t\u00edtulo y la estructura visual que tiene el corto justamente se asemejan a los de un diario. Son como hojas que son escritas a escondidas, pasadas, intercambiadas a trav\u00e9s de las rejas de las celdas. La idea era dar esta sensaci\u00f3n de diario personal, de diario de la memoria personal. Sin dudas encuentro en la literatura mucha inspiraci\u00f3n. Tambi\u00e9n en la pintura. Toda la escuela impresionista me gusta mucho, y hay algo de esto tambi\u00e9n en la forma en que las manchas, los colores, invaden la pantalla. Dialogo mucho con la pintura. Mis trabajos tienen como un elemento pl\u00e1stico, me parece, que siempre me gusta explorar. Me encanta ahondar en estas fronteras entre las artes, y un poco ser desobediente. Nunca muy purista en nada.<\/p>\t\t\t\t\t\t\t\t<\/div>\n\t\t\t\t<\/div>\n\t\t\t\t\t<\/div>\n\t\t\t\t<\/div>\n\t\t<div class=\"elementor-element elementor-element-fbf53f7 e-grid e-con-boxed e-con e-parent\" data-id=\"fbf53f7\" data-element_type=\"container\" data-e-type=\"container\">\n\t\t\t\t\t<div class=\"e-con-inner\">\n\t\t\t\t<div class=\"elementor-element elementor-element-509a2a5 elementor-widget elementor-widget-image\" data-id=\"509a2a5\" data-element_type=\"widget\" data-e-type=\"widget\" data-widget_type=\"image.default\">\n\t\t\t\t<div class=\"elementor-widget-container\">\n\t\t\t\t\t\t\t\t\t\t\t\t<figure class=\"wp-caption\">\n\t\t\t\t\t\t\t\t\t\t<img decoding=\"async\" width=\"1021\" height=\"574\" src=\"https:\/\/2023.festivaldecineinstar.com\/wp-content\/uploads\/2023\/12\/URGENTE-2.webp\" class=\"attachment-large size-large wp-image-8202\" alt=\"\" srcset=\"https:\/\/2023.festivaldecineinstar.com\/wp-content\/uploads\/2023\/12\/URGENTE-2.webp 1021w, https:\/\/2023.festivaldecineinstar.com\/wp-content\/uploads\/2023\/12\/URGENTE-2-300x169.webp 300w, https:\/\/2023.festivaldecineinstar.com\/wp-content\/uploads\/2023\/12\/URGENTE-2-768x432.webp 768w, https:\/\/2023.festivaldecineinstar.com\/wp-content\/uploads\/2023\/12\/URGENTE-2-18x10.webp 18w\" sizes=\"(max-width: 1021px) 100vw, 1021px\" \/>\t\t\t\t\t\t\t\t\t\t\t<figcaption class=\"widget-image-caption wp-caption-text\">Still de \u2018Hojas de K.\u2019 (2022); Gloria Carri\u00f3n (IMAGEN hojasdek.com)<\/figcaption>\n\t\t\t\t\t\t\t\t\t\t<\/figure>\n\t\t\t\t\t\t\t\t\t<\/div>\n\t\t\t\t<\/div>\n\t\t\t\t<div class=\"elementor-element elementor-element-84742c2 elementor-widget elementor-widget-image\" data-id=\"84742c2\" data-element_type=\"widget\" data-e-type=\"widget\" data-widget_type=\"image.default\">\n\t\t\t\t<div class=\"elementor-widget-container\">\n\t\t\t\t\t\t\t\t\t\t\t\t<figure class=\"wp-caption\">\n\t\t\t\t\t\t\t\t\t\t<img loading=\"lazy\" decoding=\"async\" width=\"1021\" height=\"574\" src=\"https:\/\/2023.festivaldecineinstar.com\/wp-content\/uploads\/2023\/12\/URGENTE-3.jpg\" class=\"attachment-large size-large wp-image-8203\" alt=\"\" srcset=\"https:\/\/2023.festivaldecineinstar.com\/wp-content\/uploads\/2023\/12\/URGENTE-3.jpg 1021w, https:\/\/2023.festivaldecineinstar.com\/wp-content\/uploads\/2023\/12\/URGENTE-3-300x169.jpg 300w, https:\/\/2023.festivaldecineinstar.com\/wp-content\/uploads\/2023\/12\/URGENTE-3-768x432.jpg 768w, https:\/\/2023.festivaldecineinstar.com\/wp-content\/uploads\/2023\/12\/URGENTE-3-18x10.jpg 18w\" sizes=\"(max-width: 1021px) 100vw, 1021px\" \/>\t\t\t\t\t\t\t\t\t\t\t<figcaption class=\"widget-image-caption wp-caption-text\">Still de \u2018Hojas de K.\u2019 (2022); Gloria Carri\u00f3n (IMAGEN hojasdek.com)<\/figcaption>\n\t\t\t\t\t\t\t\t\t\t<\/figure>\n\t\t\t\t\t\t\t\t\t<\/div>\n\t\t\t\t<\/div>\n\t\t\t\t<div class=\"elementor-element elementor-element-eaf6a1b elementor-widget elementor-widget-image\" data-id=\"eaf6a1b\" data-element_type=\"widget\" data-e-type=\"widget\" data-widget_type=\"image.default\">\n\t\t\t\t<div class=\"elementor-widget-container\">\n\t\t\t\t\t\t\t\t\t\t\t\t<figure class=\"wp-caption\">\n\t\t\t\t\t\t\t\t\t\t<img loading=\"lazy\" decoding=\"async\" width=\"1021\" height=\"574\" src=\"https:\/\/2023.festivaldecineinstar.com\/wp-content\/uploads\/2023\/12\/URGENTE-4.jpg\" class=\"attachment-large size-large wp-image-8204\" alt=\"\" srcset=\"https:\/\/2023.festivaldecineinstar.com\/wp-content\/uploads\/2023\/12\/URGENTE-4.jpg 1021w, https:\/\/2023.festivaldecineinstar.com\/wp-content\/uploads\/2023\/12\/URGENTE-4-300x169.jpg 300w, https:\/\/2023.festivaldecineinstar.com\/wp-content\/uploads\/2023\/12\/URGENTE-4-768x432.jpg 768w, https:\/\/2023.festivaldecineinstar.com\/wp-content\/uploads\/2023\/12\/URGENTE-4-18x10.jpg 18w\" sizes=\"(max-width: 1021px) 100vw, 1021px\" \/>\t\t\t\t\t\t\t\t\t\t\t<figcaption class=\"widget-image-caption wp-caption-text\">Still de \u2018Hojas de K.\u2019 (2022); Gloria Carri\u00f3n (IMAGEN hojasdek.com)<\/figcaption>\n\t\t\t\t\t\t\t\t\t\t<\/figure>\n\t\t\t\t\t\t\t\t\t<\/div>\n\t\t\t\t<\/div>\n\t\t\t\t<div class=\"elementor-element elementor-element-dc6f255 elementor-widget elementor-widget-image\" data-id=\"dc6f255\" data-element_type=\"widget\" data-e-type=\"widget\" data-widget_type=\"image.default\">\n\t\t\t\t<div class=\"elementor-widget-container\">\n\t\t\t\t\t\t\t\t\t\t\t\t<figure class=\"wp-caption\">\n\t\t\t\t\t\t\t\t\t\t<img loading=\"lazy\" decoding=\"async\" width=\"1021\" height=\"574\" src=\"https:\/\/2023.festivaldecineinstar.com\/wp-content\/uploads\/2023\/12\/URGENTE-5.jpg\" class=\"attachment-large size-large wp-image-8205\" alt=\"\" srcset=\"https:\/\/2023.festivaldecineinstar.com\/wp-content\/uploads\/2023\/12\/URGENTE-5.jpg 1021w, https:\/\/2023.festivaldecineinstar.com\/wp-content\/uploads\/2023\/12\/URGENTE-5-300x169.jpg 300w, https:\/\/2023.festivaldecineinstar.com\/wp-content\/uploads\/2023\/12\/URGENTE-5-768x432.jpg 768w, https:\/\/2023.festivaldecineinstar.com\/wp-content\/uploads\/2023\/12\/URGENTE-5-18x10.jpg 18w\" sizes=\"(max-width: 1021px) 100vw, 1021px\" \/>\t\t\t\t\t\t\t\t\t\t\t<figcaption class=\"widget-image-caption wp-caption-text\">Still de \u2018Hojas de K.\u2019 (2022); Gloria Carri\u00f3n (IMAGEN hojasdek.com)<\/figcaption>\n\t\t\t\t\t\t\t\t\t\t<\/figure>\n\t\t\t\t\t\t\t\t\t<\/div>\n\t\t\t\t<\/div>\n\t\t\t\t\t<\/div>\n\t\t\t\t<\/div>\n\t\t<div class=\"elementor-element elementor-element-82b757f e-flex e-con-boxed e-con e-parent\" data-id=\"82b757f\" data-element_type=\"container\" data-e-type=\"container\">\n\t\t\t\t\t<div class=\"e-con-inner\">\n\t\t\t\t<div class=\"elementor-element elementor-element-dd4b6ad elementor-widget elementor-widget-spacer\" data-id=\"dd4b6ad\" data-element_type=\"widget\" data-e-type=\"widget\" data-widget_type=\"spacer.default\">\n\t\t\t\t<div class=\"elementor-widget-container\">\n\t\t\t\t\t\t\t<div class=\"elementor-spacer\">\n\t\t\t<div class=\"elementor-spacer-inner\"><\/div>\n\t\t<\/div>\n\t\t\t\t\t\t<\/div>\n\t\t\t\t<\/div>\n\t\t\t\t\t<\/div>\n\t\t\t\t<\/div>\n\t\t<div class=\"elementor-element elementor-element-ff95414 e-flex e-con-boxed e-con e-parent\" data-id=\"ff95414\" data-element_type=\"container\" data-e-type=\"container\">\n\t\t\t\t\t<div class=\"e-con-inner\">\n\t\t\t\t<div class=\"elementor-element elementor-element-10b32a1 elementor-widget elementor-widget-text-editor\" data-id=\"10b32a1\" data-element_type=\"widget\" data-e-type=\"widget\" data-widget_type=\"text-editor.default\">\n\t\t\t\t<div class=\"elementor-widget-container\">\n\t\t\t\t\t\t\t\t\t<p><strong><em>Hojas de K.<\/em><\/strong><strong>\u00a0es una pel\u00edcula de animaci\u00f3n; entonces, \u00bfqu\u00e9 ventajas y\/u obst\u00e1culos has tenido para participar en festivales, para distribuirla?<\/strong><\/p><p>Creo que por el hecho de que\u00a0<em>Hojas de K.<\/em>\u00a0sea una animaci\u00f3n documental ya a veces cuesta presentarla, sobre todo, a festivales o espacios m\u00e1s tradicionales para exhibir cine documental, donde se considera lo documental como algo a\u00fan muy de estructura lineal o tradicional. Entonces, en esos espacios ha sido complejo poderla mover.<\/p><p>Me han cuestionado el hecho de considerarla un documental, y creo que tiene mucho que ver con una conversaci\u00f3n que se est\u00e1 dando cada vez m\u00e1s; pero definitivamente vale la pena continuar: todos los g\u00e9neros se est\u00e1n contaminando.<\/p><p>Porque la verdad es que todo es una puesta en escena. No creo mucho (desconf\u00edo mucho) en la representaci\u00f3n documental como una imagen que puede revelar la verdad. Para m\u00ed no existe la verdad como una cuesti\u00f3n completamente monol\u00edtica. Me parece que es m\u00e1s complejo eso, y tambi\u00e9n creo que esta contaminaci\u00f3n, por as\u00ed decirle, entre los g\u00e9neros, y entre las distintas formas de contar una historia, pues se asemeja mucho a la vida y se parece mucho a algo que fluye, est\u00e1 vivo, y no tiene una sola forma de contarse. Creo que tiene mucho que ver con esto que te dec\u00eda de la desobediencia de la forma que me atrae tanto. Y sobre todo porque me parece que en s\u00ed mismo tiene la semilla de la libertad.<\/p><p>Busco mucho eso: poder escribir, contar, narrar en libertad, desde la libertad y para la libertad. Y m\u00e1s en un contexto de persecuci\u00f3n y adversidad pol\u00edtica. Me parece que es muy importante, o al menos a m\u00ed me da mucha fuerza y ganas de seguir contando cosas, resistir a trav\u00e9s de las historias, a trav\u00e9s del cine y del arte. Me parece fundamental para seguir viva.<\/p><p><strong>\u00bf<em>Hojas de K<\/em>. ha sido visionada en Nicaragua, ha sido distribuida de alguna forma en tu pa\u00eds?<\/strong><\/p><p>No ha sido visionada en Nicaragua. No ha habido ninguna forma de distribuirla por el control f\u00e9rreo que hay, pero tambi\u00e9n porque, hasta cierto punto, me siento responsable del equipo que trabaj\u00f3 conmigo. Y la verdad es que no quiero exponerlos a ninguna repercusi\u00f3n ni nada de esto. Entonces a\u00fan no hemos dado el paso para distribuirla en Nicaragua.<\/p><p>Pero espero que en alg\u00fan momento s\u00ed logremos hacerlo, porque me encantar\u00eda que esta pel\u00edcula se viera en Nicaragua. Es una pel\u00edcula fundamental para el pa\u00eds, y tambi\u00e9n para la regi\u00f3n, sobre todo en el marco del auge de los gobiernos autoritarios y dictatoriales que tristemente van ganando espacio. Me parece que es una pel\u00edcula muy urgente.<\/p>\t\t\t\t\t\t\t\t<\/div>\n\t\t\t\t<\/div>\n\t\t\t\t\t<\/div>\n\t\t\t\t<\/div>\n\t\t<div class=\"elementor-element elementor-element-1b5afa7 e-flex e-con-boxed e-con e-parent\" data-id=\"1b5afa7\" data-element_type=\"container\" data-e-type=\"container\">\n\t\t\t\t\t<div class=\"e-con-inner\">\n\t\t\t\t<div class=\"elementor-element elementor-element-8344a88 elementor-widget__width-initial elementor-widget elementor-widget-video\" data-id=\"8344a88\" data-element_type=\"widget\" data-e-type=\"widget\" data-settings=\"{&quot;youtube_url&quot;:&quot;https:\\\/\\\/www.youtube.com\\\/watch?v=2owgKGa5Pxc&quot;,&quot;video_type&quot;:&quot;youtube&quot;,&quot;controls&quot;:&quot;yes&quot;}\" data-widget_type=\"video.default\">\n\t\t\t\t<div class=\"elementor-widget-container\">\n\t\t\t\t\t\t\t<div class=\"elementor-wrapper elementor-open-inline\">\n\t\t\t<div class=\"elementor-video\"><\/div>\t\t<\/div>\n\t\t\t\t\t\t<\/div>\n\t\t\t\t<\/div>\n\t\t\t\t\t<\/div>\n\t\t\t\t<\/div>\n\t\t<div class=\"elementor-element elementor-element-ed2bfe3 e-flex e-con-boxed e-con e-parent\" data-id=\"ed2bfe3\" data-element_type=\"container\" data-e-type=\"container\">\n\t\t\t\t\t<div class=\"e-con-inner\">\n\t\t\t\t<div class=\"elementor-element elementor-element-0254657 elementor-widget elementor-widget-spacer\" data-id=\"0254657\" data-element_type=\"widget\" data-e-type=\"widget\" data-widget_type=\"spacer.default\">\n\t\t\t\t<div class=\"elementor-widget-container\">\n\t\t\t\t\t\t\t<div class=\"elementor-spacer\">\n\t\t\t<div class=\"elementor-spacer-inner\"><\/div>\n\t\t<\/div>\n\t\t\t\t\t\t<\/div>\n\t\t\t\t<\/div>\n\t\t\t\t\t<\/div>\n\t\t\t\t<\/div>\n\t\t<div class=\"elementor-element elementor-element-85e1541 e-flex e-con-boxed e-con e-parent\" data-id=\"85e1541\" data-element_type=\"container\" data-e-type=\"container\">\n\t\t\t\t\t<div class=\"e-con-inner\">\n\t\t\t\t<div class=\"elementor-element elementor-element-97d3501 elementor-widget elementor-widget-spacer\" data-id=\"97d3501\" data-element_type=\"widget\" data-e-type=\"widget\" data-widget_type=\"spacer.default\">\n\t\t\t\t<div class=\"elementor-widget-container\">\n\t\t\t\t\t\t\t<div class=\"elementor-spacer\">\n\t\t\t<div class=\"elementor-spacer-inner\"><\/div>\n\t\t<\/div>\n\t\t\t\t\t\t<\/div>\n\t\t\t\t<\/div>\n\t\t\t\t\t<\/div>\n\t\t\t\t<\/div>\n\t\t<div class=\"elementor-element elementor-element-24b685f9 e-flex e-con-boxed e-con e-parent\" data-id=\"24b685f9\" data-element_type=\"container\" data-e-type=\"container\">\n\t\t\t\t\t<div class=\"e-con-inner\">\n\t\t\t\t<div class=\"elementor-element elementor-element-117a594a elementor-widget__width-initial elementor-widget elementor-widget-text-editor\" data-id=\"117a594a\" data-element_type=\"widget\" data-e-type=\"widget\" data-widget_type=\"text-editor.default\">\n\t\t\t\t<div class=\"elementor-widget-container\">\n\t\t\t\t\t\t\t\t\t<p style=\"text-align: center;\">Puedes leer la nota original<a href=\"https:\/\/rialta.org\/hojas-de-k-una-pelicula-urgente-entrevista-con-la-cineasta-nicaraguense-gloria-carrion\/\"\n   onmouseover=\"this.style.color='#D0121E'; this.style.fontWeight='bold';\"\n   onmouseout=\"if (!this.hasBeenClicked) { this.style.color='#D0121E'; this.style.fontWeight='normal'; }\"\n   onclick=\"this.style.color='black'; this.style.fontWeight='normal'; this.hasBeenClicked = true; return true;\"\n>\n  aqu\u00ed\n<\/a>\t\t\t\t\t\t\t\t<\/div>\n\t\t\t\t<\/div>\n\t\t\t\t\t<\/div>\n\t\t\t\t<\/div>\n\t\t\t\t<\/div>\n\t\t","protected":false},"excerpt":{"rendered":"<p>\u2018Hojas de K\u2019, una pel\u00edcula urgente. Entrevista con la cineasta nicarag\u00fcense Gloria Carri\u00f3n Por ANTONIO ENRIQUE GONZ\u00c1LEZ ROJAS &#8211; 11 diciembre, 2023 RIALTA Fotograma de \u2018Hojas de K\u2019 (2022); Gloria Carri\u00f3n (IMAGEN hojasdek.com) Hojas de K.\u00a0(2022), de la nicarag\u00fcense Gloria Carri\u00f3n, trenza en una sola voz los testimonios de varias mujeres nicarag\u00fcenses reprimidas por el [&hellip;]<\/p>\n","protected":false},"author":1,"featured_media":0,"comment_status":"closed","ping_status":"closed","sticky":false,"template":"","format":"standard","meta":{"site-sidebar-layout":"default","site-content-layout":"","ast-site-content-layout":"default","site-content-style":"default","site-sidebar-style":"default","ast-global-header-display":"","ast-banner-title-visibility":"","ast-main-header-display":"","ast-hfb-above-header-display":"","ast-hfb-below-header-display":"","ast-hfb-mobile-header-display":"","site-post-title":"disabled","ast-breadcrumbs-content":"","ast-featured-img":"","footer-sml-layout":"","ast-disable-related-posts":"","theme-transparent-header-meta":"","adv-header-id-meta":"","stick-header-meta":"","header-above-stick-meta":"","header-main-stick-meta":"","header-below-stick-meta":"","astra-migrate-meta-layouts":"","ast-page-background-enabled":"default","ast-page-background-meta":{"desktop":{"background-color":"var(--ast-global-color-4)","background-image":"","background-repeat":"repeat","background-position":"center center","background-size":"auto","background-attachment":"scroll","background-type":"","background-media":"","overlay-type":"","overlay-color":"","overlay-opacity":"","overlay-gradient":""},"tablet":{"background-color":"","background-image":"","background-repeat":"repeat","background-position":"center center","background-size":"auto","background-attachment":"scroll","background-type":"","background-media":"","overlay-type":"","overlay-color":"","overlay-opacity":"","overlay-gradient":""},"mobile":{"background-color":"","background-image":"","background-repeat":"repeat","background-position":"center center","background-size":"auto","background-attachment":"scroll","background-type":"","background-media":"","overlay-type":"","overlay-color":"","overlay-opacity":"","overlay-gradient":""}},"ast-content-background-meta":{"desktop":{"background-color":"var(--ast-global-color-5)","background-image":"","background-repeat":"repeat","background-position":"center center","background-size":"auto","background-attachment":"scroll","background-type":"","background-media":"","overlay-type":"","overlay-color":"","overlay-opacity":"","overlay-gradient":""},"tablet":{"background-color":"var(--ast-global-color-5)","background-image":"","background-repeat":"repeat","background-position":"center center","background-size":"auto","background-attachment":"scroll","background-type":"","background-media":"","overlay-type":"","overlay-color":"","overlay-opacity":"","overlay-gradient":""},"mobile":{"background-color":"var(--ast-global-color-5)","background-image":"","background-repeat":"repeat","background-position":"center center","background-size":"auto","background-attachment":"scroll","background-type":"","background-media":"","overlay-type":"","overlay-color":"","overlay-opacity":"","overlay-gradient":""}},"footnotes":""},"categories":[25],"tags":[],"class_list":["post-8198","post","type-post","status-publish","format-standard","hentry","category-notas"],"_links":{"self":[{"href":"https:\/\/2023.festivaldecineinstar.com\/en\/wp-json\/wp\/v2\/posts\/8198","targetHints":{"allow":["GET"]}}],"collection":[{"href":"https:\/\/2023.festivaldecineinstar.com\/en\/wp-json\/wp\/v2\/posts"}],"about":[{"href":"https:\/\/2023.festivaldecineinstar.com\/en\/wp-json\/wp\/v2\/types\/post"}],"author":[{"embeddable":true,"href":"https:\/\/2023.festivaldecineinstar.com\/en\/wp-json\/wp\/v2\/users\/1"}],"replies":[{"embeddable":true,"href":"https:\/\/2023.festivaldecineinstar.com\/en\/wp-json\/wp\/v2\/comments?post=8198"}],"version-history":[{"count":7,"href":"https:\/\/2023.festivaldecineinstar.com\/en\/wp-json\/wp\/v2\/posts\/8198\/revisions"}],"predecessor-version":[{"id":8211,"href":"https:\/\/2023.festivaldecineinstar.com\/en\/wp-json\/wp\/v2\/posts\/8198\/revisions\/8211"}],"wp:attachment":[{"href":"https:\/\/2023.festivaldecineinstar.com\/en\/wp-json\/wp\/v2\/media?parent=8198"}],"wp:term":[{"taxonomy":"category","embeddable":true,"href":"https:\/\/2023.festivaldecineinstar.com\/en\/wp-json\/wp\/v2\/categories?post=8198"},{"taxonomy":"post_tag","embeddable":true,"href":"https:\/\/2023.festivaldecineinstar.com\/en\/wp-json\/wp\/v2\/tags?post=8198"}],"curies":[{"name":"wp","href":"https:\/\/api.w.org\/{rel}","templated":true}]}}