{"id":8222,"date":"2023-12-18T04:27:22","date_gmt":"2023-12-18T04:27:22","guid":{"rendered":"https:\/\/2023.festivaldecineinstar.com\/?p=8222"},"modified":"2023-12-18T04:37:50","modified_gmt":"2023-12-18T04:37:50","slug":"mafifa-y-la-opcion-cero-galardonadas","status":"publish","type":"post","link":"https:\/\/2023.festivaldecineinstar.com\/en\/mafifa-y-la-opcion-cero-galardonadas\/","title":{"rendered":"Mafifa y La opcion cero galardonadas"},"content":{"rendered":"<div data-elementor-type=\"wp-post\" data-elementor-id=\"8222\" class=\"elementor elementor-8222\" data-elementor-post-type=\"post\">\n\t\t\t\t<div class=\"elementor-element elementor-element-69cec2e e-flex e-con-boxed e-con e-parent\" data-id=\"69cec2e\" data-element_type=\"container\" data-e-type=\"container\">\n\t\t\t\t\t<div class=\"e-con-inner\">\n\t\t\t\t<div class=\"elementor-element elementor-element-94744fa elementor-widget elementor-widget-spacer\" data-id=\"94744fa\" data-element_type=\"widget\" data-e-type=\"widget\" data-widget_type=\"spacer.default\">\n\t\t\t\t<div class=\"elementor-widget-container\">\n\t\t\t\t\t\t\t<div class=\"elementor-spacer\">\n\t\t\t<div class=\"elementor-spacer-inner\"><\/div>\n\t\t<\/div>\n\t\t\t\t\t\t<\/div>\n\t\t\t\t<\/div>\n\t\t\t\t\t<\/div>\n\t\t\t\t<\/div>\n\t\t<div class=\"elementor-element elementor-element-21f4b9b e-flex e-con-boxed e-con e-parent\" data-id=\"21f4b9b\" data-element_type=\"container\" data-e-type=\"container\">\n\t\t\t\t\t<div class=\"e-con-inner\">\n\t\t\t\t<div class=\"elementor-element elementor-element-e783315 elementor-widget__width-inherit elementor-widget elementor-widget-heading\" data-id=\"e783315\" data-element_type=\"widget\" data-e-type=\"widget\" data-widget_type=\"heading.default\">\n\t\t\t\t<div class=\"elementor-widget-container\">\n\t\t\t\t\t<h2 class=\"elementor-heading-title elementor-size-default\">Mafifa' and 'The Zero Option', winners at the IV INSTAR Film Festival<\/h2>\t\t\t\t<\/div>\n\t\t\t\t<\/div>\n\t\t\t\t\t<\/div>\n\t\t\t\t<\/div>\n\t\t<div class=\"elementor-element elementor-element-ef3c000 e-flex e-con-boxed e-con e-parent\" data-id=\"ef3c000\" data-element_type=\"container\" data-e-type=\"container\">\n\t\t\t\t\t<div class=\"e-con-inner\">\n\t\t\t\t<div class=\"elementor-element elementor-element-ca846bb elementor-widget elementor-widget-text-editor\" data-id=\"ca846bb\" data-element_type=\"widget\" data-e-type=\"widget\" data-widget_type=\"text-editor.default\">\n\t\t\t\t<div class=\"elementor-widget-container\">\n\t\t\t\t\t\t\t\t\t<h5 style=\"text-align: center;\"><strong>Two Cuban independent films win awards for reflecting a controversial topic in their society, according to the jury.<\/strong><\/h5>\t\t\t\t\t\t\t\t<\/div>\n\t\t\t\t<\/div>\n\t\t\t\t\t<\/div>\n\t\t\t\t<\/div>\n\t\t<div class=\"elementor-element elementor-element-a135d03 e-flex e-con-boxed e-con e-parent\" data-id=\"a135d03\" data-element_type=\"container\" data-e-type=\"container\">\n\t\t\t\t\t<div class=\"e-con-inner\">\n\t\t\t\t<div class=\"elementor-element elementor-element-ef4cb25 elementor-widget__width-inherit elementor-widget elementor-widget-text-editor\" data-id=\"ef4cb25\" data-element_type=\"widget\" data-e-type=\"widget\" data-widget_type=\"text-editor.default\">\n\t\t\t\t<div class=\"elementor-widget-container\">\n\t\t\t\t\t\t\t\t\t<p class=\"translation-block\">Madrid 12 Dec 2023 \u2013 00:20 CET<\/p>\t\t\t\t\t\t\t\t<\/div>\n\t\t\t\t<\/div>\n\t\t\t\t\t<\/div>\n\t\t\t\t<\/div>\n\t\t<div class=\"elementor-element elementor-element-dbe32ea e-flex e-con-boxed e-con e-parent\" data-id=\"dbe32ea\" data-element_type=\"container\" data-e-type=\"container\">\n\t\t\t\t\t<div class=\"e-con-inner\">\n\t\t\t\t<div class=\"elementor-element elementor-element-0bfc202 elementor-widget__width-inherit elementor-widget elementor-widget-text-editor\" data-id=\"0bfc202\" data-element_type=\"widget\" data-e-type=\"widget\" data-widget_type=\"text-editor.default\">\n\t\t\t\t<div class=\"elementor-widget-container\">\n\t\t\t\t\t\t\t\t\t<p style=\"text-align: center;\"><strong>ddc<\/strong><\/p>\t\t\t\t\t\t\t\t<\/div>\n\t\t\t\t<\/div>\n\t\t\t\t\t<\/div>\n\t\t\t\t<\/div>\n\t\t<div class=\"elementor-element elementor-element-e8db727 e-flex e-con-boxed e-con e-parent\" data-id=\"e8db727\" data-element_type=\"container\" data-e-type=\"container\">\n\t\t\t\t\t<div class=\"e-con-inner\">\n\t\t\t\t<div class=\"elementor-element elementor-element-1f6c400 elementor-widget__width-initial elementor-widget elementor-widget-image\" data-id=\"1f6c400\" data-element_type=\"widget\" data-e-type=\"widget\" data-widget_type=\"image.default\">\n\t\t\t\t<div class=\"elementor-widget-container\">\n\t\t\t\t\t\t\t\t\t\t\t\t<figure class=\"wp-caption\">\n\t\t\t\t\t\t\t\t\t\t<img fetchpriority=\"high\" decoding=\"async\" width=\"862\" height=\"485\" src=\"https:\/\/2023.festivaldecineinstar.com\/wp-content\/uploads\/2023\/12\/MAFIFA-Y-LA-OPCION-0-GALARDONADAS.webp\" class=\"attachment-large size-large wp-image-8224\" alt=\"\" srcset=\"https:\/\/2023.festivaldecineinstar.com\/wp-content\/uploads\/2023\/12\/MAFIFA-Y-LA-OPCION-0-GALARDONADAS.webp 862w, https:\/\/2023.festivaldecineinstar.com\/wp-content\/uploads\/2023\/12\/MAFIFA-Y-LA-OPCION-0-GALARDONADAS-300x169.webp 300w, https:\/\/2023.festivaldecineinstar.com\/wp-content\/uploads\/2023\/12\/MAFIFA-Y-LA-OPCION-0-GALARDONADAS-768x432.webp 768w, https:\/\/2023.festivaldecineinstar.com\/wp-content\/uploads\/2023\/12\/MAFIFA-Y-LA-OPCION-0-GALARDONADAS-18x10.webp 18w\" sizes=\"(max-width: 862px) 100vw, 862px\" \/>\t\t\t\t\t\t\t\t\t\t\t<figcaption class=\"widget-image-caption wp-caption-text\">Still from 'Mafifa', by Daniela Mu\u00f1oz Barroso. RIALTA<\/figcaption>\n\t\t\t\t\t\t\t\t\t\t<\/figure>\n\t\t\t\t\t\t\t\t\t<\/div>\n\t\t\t\t<\/div>\n\t\t\t\t\t<\/div>\n\t\t\t\t<\/div>\n\t\t<div class=\"elementor-element elementor-element-edd3d1b e-flex e-con-boxed e-con e-parent\" data-id=\"edd3d1b\" data-element_type=\"container\" data-e-type=\"container\">\n\t\t\t\t\t<div class=\"e-con-inner\">\n\t\t\t\t<div class=\"elementor-element elementor-element-cc6d179 elementor-widget elementor-widget-spacer\" data-id=\"cc6d179\" data-element_type=\"widget\" data-e-type=\"widget\" data-widget_type=\"spacer.default\">\n\t\t\t\t<div class=\"elementor-widget-container\">\n\t\t\t\t\t\t\t<div class=\"elementor-spacer\">\n\t\t\t<div class=\"elementor-spacer-inner\"><\/div>\n\t\t<\/div>\n\t\t\t\t\t\t<\/div>\n\t\t\t\t<\/div>\n\t\t\t\t\t<\/div>\n\t\t\t\t<\/div>\n\t\t<div class=\"elementor-element elementor-element-7a54081 e-flex e-con-boxed e-con e-parent\" data-id=\"7a54081\" data-element_type=\"container\" data-e-type=\"container\">\n\t\t\t\t\t<div class=\"e-con-inner\">\n\t\t\t\t<div class=\"elementor-element elementor-element-c2bf7bb elementor-widget elementor-widget-text-editor\" data-id=\"c2bf7bb\" data-element_type=\"widget\" data-e-type=\"widget\" data-widget_type=\"text-editor.default\">\n\t\t\t\t<div class=\"elementor-widget-container\">\n\t\t\t\t\t\t\t\t\t<p class=\"translation-block\"><strong>El\u00a0<a href=\"https:\/\/diariodecuba.com\/cultura\/1701767780_51411.html\" target=\"_self\">filme independiente<\/a>\u00a0cubano\u00a0<em>Mafifa\u00a0<\/em>(2021), by Daniela Mu\u00f1oz Barroso, <\/strong> received the Nicol\u00e1s Guill\u00e9n Landri\u00e1n Award from the jury of the IV INSTAR Film Festival, while 'Option Zero' (2020), by Marcel Beltr\u00e1n, received a special mention.<\/p><p class=\"translation-block\">Both feature films were recognized for reflecting a controversial topic, among the 15 audiovisual works by Cuban creators presented during the past week in seven major cities on two continents, and online in Cuba. The main award is endowed with 3,000 dollars and the special mention with 1,500.<\/p><div class=\"google-auto-placed ap_container\"><p>The members of the jury, consisting of Paulo Antonio Paranagu\u00e1, Brazilian critic and historian and one of the authorities on Latin American cinema; Dunja Fehimovi\u0107, an academic specializing in Caribbean cinema and university professor in the United Kingdom, and Cuban screenwriter Alejandro Hern\u00e1ndez, winner of the Goya Award in 2013; to reach their verdict, they considered \"the conceptual and artistic quality of the works in relation to their thematic proposals\".<\/p><p class=\"translation-block\">In an online meeting, the jurors celebrated the festival for \"the quality and diversity of the selected films\", apart from offering \"the opportunity to approach different cinematographies of the global south, which do not always have the presence they deserve in the traditional circuits of audiovisual exhibition and distribution\u201d.<\/p><p class=\"translation-block\">They also recognized \"the resilience, courage, and inventiveness of the filmmakers to overcome their adverse production circumstances and deliver films that profoundly question their respective socio-political contexts\".<\/p><p>\"It seems to me of utmost importance the work of the INSTAR Festival in disseminating and promoting the cinema of young Cuban creators, especially in light of the disappearance of the Young Filmmaker Showcase, which was, for many years, a fundamental critical space for so many, including several of the filmmakers whose works have competed for this award,\" Fehimovi\u0107 emphasized.<\/p><p class=\"translation-block\">The professor pointed out that the event reflects \"the evolution, or the current state of Cuban cinema, or its younger practitioners. I am referring to the transnational approach of the programming and screenings, which highlights an expansive vision of Cuban cinema, connected to the rest of the world and socio-political dynamics and international creative tendencies\".<\/p><p class=\"translation-block\">Cuban artivist Tania Bruguera, director of the Hannah Arendt International Institute of Artivism (INSTAR), said that the Festival has received proposals from three other cities around the world to organize its screenings in 2024 when its fifth edition should be held.<\/p><p>\"We want it to be a party and a meeting place and a place for serious and important discussions for filmmakers,\" she said.<\/p><p>The Festival, curated by Cuban filmmaker Jos\u00e9 Luis Aparicio, was held in movie theaters and cultural centers in Barcelona, Paris, Miami, New York, Mexico City, Buenos Aires, and Sao Paulo, and was curated by Cuban filmmaker Jos\u00e9 Luis Aparicio. It could also be accessed online from Cuba through Festhome.<\/p><p>The concept guiding the edition was the transnational character of the New Cuban Cinema, as well as its growing dialogue with diverse cinematographies, especially those of countries ruled by authoritarian governments.\u00a0<\/p><p class=\"translation-block\">In addition to short and feature films by Cuban filmmakers, this edition included works by filmmakers from Haiti, Iran, Nicaragua, and Venezuela. Their directors live in exile due to the repressive situation in their countries of origin.<\/p><p class=\"translation-block\">The Cuban regime launched a smear campaign against the exhibition through the official press and the social media of Ministry of Culture officials and the ideological apparatus, while the International Festival of New Latin American Cinema of Havana excluded from its program at the last minute, Luis Alejandro Yero's 'Calls from Moscow', screened at the INSTAR Film Festival.<\/p><\/div>\t\t\t\t\t\t\t\t<\/div>\n\t\t\t\t<\/div>\n\t\t\t\t\t<\/div>\n\t\t\t\t<\/div>\n\t\t<div class=\"elementor-element elementor-element-ed2bfe3 e-flex e-con-boxed e-con e-parent\" data-id=\"ed2bfe3\" data-element_type=\"container\" data-e-type=\"container\">\n\t\t\t\t\t<div class=\"e-con-inner\">\n\t\t\t\t<div class=\"elementor-element elementor-element-0254657 elementor-widget elementor-widget-spacer\" data-id=\"0254657\" data-element_type=\"widget\" data-e-type=\"widget\" data-widget_type=\"spacer.default\">\n\t\t\t\t<div class=\"elementor-widget-container\">\n\t\t\t\t\t\t\t<div class=\"elementor-spacer\">\n\t\t\t<div class=\"elementor-spacer-inner\"><\/div>\n\t\t<\/div>\n\t\t\t\t\t\t<\/div>\n\t\t\t\t<\/div>\n\t\t\t\t\t<\/div>\n\t\t\t\t<\/div>\n\t\t<div class=\"elementor-element elementor-element-24b685f9 e-flex e-con-boxed e-con e-parent\" data-id=\"24b685f9\" data-element_type=\"container\" data-e-type=\"container\">\n\t\t\t\t\t<div class=\"e-con-inner\">\n\t\t\t\t<div class=\"elementor-element elementor-element-117a594a elementor-widget__width-initial elementor-widget elementor-widget-text-editor\" data-id=\"117a594a\" data-element_type=\"widget\" data-e-type=\"widget\" data-widget_type=\"text-editor.default\">\n\t\t\t\t<div class=\"elementor-widget-container\">\n\t\t\t\t\t\t\t\t\t<p style=\"text-align: center;\">You can read the original note<a href=\"https:\/\/diariodecuba.com\/cultura\/1702336814_51550.html\"\n   onmouseover=\"this.style.color='#D0121E'; this.style.fontWeight='bold';\"\n   onmouseout=\"if (!this.hasBeenClicked) { this.style.color='#D0121E'; this.style.fontWeight='normal'; }\"\n   onclick=\"this.style.color='black'; this.style.fontWeight='normal'; this.hasBeenClicked = true; return true;\"\n>\n  here\n<\/a>\t\t\t\t\t\t\t\t<\/div>\n\t\t\t\t<\/div>\n\t\t\t\t\t<\/div>\n\t\t\t\t<\/div>\n\t\t\t\t<\/div>","protected":false},"excerpt":{"rendered":"<p>&#8216;Mafifa&#8217; y &#8216;La opci\u00f3n cero&#8217;, galardonadas en el IV Festival de Cine INSTAR Las dos pel\u00edculas independientes cubanas obtienen premios por reflejar un tema tab\u00fa de su sociedad, seg\u00fan palabras del jurado. Madrid\u00a012 Dic 2023 &#8211; 00:20 CET ddc Fotograma de &#8216;Mafifa&#8217;, de Daniela Mu\u00f1oz Barroso. RIALTA El\u00a0filme independiente\u00a0cubano\u00a0Mafifa\u00a0(2021), de Daniela Mu\u00f1oz Barroso, recibi\u00f3\u00a0el\u00a0premio Nicol\u00e1s [&hellip;]<\/p>\n","protected":false},"author":1,"featured_media":0,"comment_status":"closed","ping_status":"closed","sticky":false,"template":"","format":"standard","meta":{"site-sidebar-layout":"default","site-content-layout":"","ast-site-content-layout":"default","site-content-style":"default","site-sidebar-style":"default","ast-global-header-display":"","ast-banner-title-visibility":"","ast-main-header-display":"","ast-hfb-above-header-display":"","ast-hfb-below-header-display":"","ast-hfb-mobile-header-display":"","site-post-title":"disabled","ast-breadcrumbs-content":"","ast-featured-img":"","footer-sml-layout":"","ast-disable-related-posts":"","theme-transparent-header-meta":"","adv-header-id-meta":"","stick-header-meta":"","header-above-stick-meta":"","header-main-stick-meta":"","header-below-stick-meta":"","astra-migrate-meta-layouts":"","ast-page-background-enabled":"default","ast-page-background-meta":{"desktop":{"background-color":"var(--ast-global-color-4)","background-image":"","background-repeat":"repeat","background-position":"center center","background-size":"auto","background-attachment":"scroll","background-type":"","background-media":"","overlay-type":"","overlay-color":"","overlay-opacity":"","overlay-gradient":""},"tablet":{"background-color":"","background-image":"","background-repeat":"repeat","background-position":"center center","background-size":"auto","background-attachment":"scroll","background-type":"","background-media":"","overlay-type":"","overlay-color":"","overlay-opacity":"","overlay-gradient":""},"mobile":{"background-color":"","background-image":"","background-repeat":"repeat","background-position":"center center","background-size":"auto","background-attachment":"scroll","background-type":"","background-media":"","overlay-type":"","overlay-color":"","overlay-opacity":"","overlay-gradient":""}},"ast-content-background-meta":{"desktop":{"background-color":"var(--ast-global-color-5)","background-image":"","background-repeat":"repeat","background-position":"center center","background-size":"auto","background-attachment":"scroll","background-type":"","background-media":"","overlay-type":"","overlay-color":"","overlay-opacity":"","overlay-gradient":""},"tablet":{"background-color":"var(--ast-global-color-5)","background-image":"","background-repeat":"repeat","background-position":"center center","background-size":"auto","background-attachment":"scroll","background-type":"","background-media":"","overlay-type":"","overlay-color":"","overlay-opacity":"","overlay-gradient":""},"mobile":{"background-color":"var(--ast-global-color-5)","background-image":"","background-repeat":"repeat","background-position":"center center","background-size":"auto","background-attachment":"scroll","background-type":"","background-media":"","overlay-type":"","overlay-color":"","overlay-opacity":"","overlay-gradient":""}},"footnotes":""},"categories":[25],"tags":[],"class_list":["post-8222","post","type-post","status-publish","format-standard","hentry","category-notas"],"_links":{"self":[{"href":"https:\/\/2023.festivaldecineinstar.com\/en\/wp-json\/wp\/v2\/posts\/8222","targetHints":{"allow":["GET"]}}],"collection":[{"href":"https:\/\/2023.festivaldecineinstar.com\/en\/wp-json\/wp\/v2\/posts"}],"about":[{"href":"https:\/\/2023.festivaldecineinstar.com\/en\/wp-json\/wp\/v2\/types\/post"}],"author":[{"embeddable":true,"href":"https:\/\/2023.festivaldecineinstar.com\/en\/wp-json\/wp\/v2\/users\/1"}],"replies":[{"embeddable":true,"href":"https:\/\/2023.festivaldecineinstar.com\/en\/wp-json\/wp\/v2\/comments?post=8222"}],"version-history":[{"count":10,"href":"https:\/\/2023.festivaldecineinstar.com\/en\/wp-json\/wp\/v2\/posts\/8222\/revisions"}],"predecessor-version":[{"id":8236,"href":"https:\/\/2023.festivaldecineinstar.com\/en\/wp-json\/wp\/v2\/posts\/8222\/revisions\/8236"}],"wp:attachment":[{"href":"https:\/\/2023.festivaldecineinstar.com\/en\/wp-json\/wp\/v2\/media?parent=8222"}],"wp:term":[{"taxonomy":"category","embeddable":true,"href":"https:\/\/2023.festivaldecineinstar.com\/en\/wp-json\/wp\/v2\/categories?post=8222"},{"taxonomy":"post_tag","embeddable":true,"href":"https:\/\/2023.festivaldecineinstar.com\/en\/wp-json\/wp\/v2\/tags?post=8222"}],"curies":[{"name":"wp","href":"https:\/\/api.w.org\/{rel}","templated":true}]}}